{"id":10362,"date":"2023-11-09T18:01:35","date_gmt":"2023-11-09T17:01:35","guid":{"rendered":"https:\/\/www.lucca.fr\/actualites\/?p=10362"},"modified":"2024-08-13T15:16:00","modified_gmt":"2024-08-13T13:16:00","slug":"lucca-acquisition-startup-compwise","status":"publish","type":"post","link":"https:\/\/www.lucca.fr\/actualites\/lucca-acquisition-startup-compwise\/","title":{"rendered":"Lucca fait l\u2019acquisition de la startup Compwise"},"content":{"rendered":"\t\t<div data-elementor-type=\"wp-post\" data-elementor-id=\"10362\" class=\"elementor elementor-10362\" data-elementor-post-type=\"post\">\n\t\t\t\t<div class=\"elementor-element elementor-element-57a3d378 e-flex e-con-boxed e-con e-parent\" data-id=\"57a3d378\" data-element_type=\"container\" data-e-type=\"container\">\n\t\t\t\t\t<div class=\"e-con-inner\">\n\t\t\t\t<div class=\"elementor-element elementor-element-fec07f4 elementor-widget elementor-widget-text-editor\" data-id=\"fec07f4\" data-element_type=\"widget\" data-e-type=\"widget\" data-widget_type=\"text-editor.default\">\n\t\t\t\t<div class=\"elementor-widget-container\">\n\t\t\t\t\t\t\t\t\t<p>Il y a quelques mois, j\u2019ai rencontr\u00e9 Mathieu Azar et Nicolas Assouad, les co-fondateurs de Compwise, une startup qui \u00e9dite un <strong>logiciel de gestion de la r\u00e9mun\u00e9ration et des avantages sociaux<\/strong> (\u201cComp &amp; Ben\u201d pour compensation and benefits)<\/p><p>J\u2019ai vu un beau produit et j\u2019ai surtout rencontr\u00e9 une belle \u00e9quipe. J\u2019ai \u00e9t\u00e9 convaincu de la valeur qu\u2019elle allait apporter non seulement \u00e0 Lucca mais surtout \u00e0 nos entreprises clientes soumises \u00e0 la pression du march\u00e9 du recrutement.<\/p>\t\t\t\t\t\t\t\t<\/div>\n\t\t\t\t<\/div>\n\t\t\t\t<div class=\"elementor-element elementor-element-97c1daf elementor-widget elementor-widget-image\" data-id=\"97c1daf\" data-element_type=\"widget\" data-e-type=\"widget\" data-widget_type=\"image.default\">\n\t\t\t\t<div class=\"elementor-widget-container\">\n\t\t\t\t\t\t\t\t\t\t\t\t\t\t\t<img fetchpriority=\"high\" decoding=\"async\" width=\"1024\" height=\"768\" src=\"https:\/\/www.lucca.fr\/actualites\/wp-content\/uploads\/2023\/11\/LuccaXCompwise2-1024x768.jpg\" class=\"attachment-large size-large wp-image-12129\" alt=\"\" srcset=\"https:\/\/www.lucca.fr\/actualites\/wp-content\/uploads\/2023\/11\/LuccaXCompwise2-1024x768.jpg 1024w, https:\/\/www.lucca.fr\/actualites\/wp-content\/uploads\/2023\/11\/LuccaXCompwise2-300x225.jpg 300w, https:\/\/www.lucca.fr\/actualites\/wp-content\/uploads\/2023\/11\/LuccaXCompwise2-768x576.jpg 768w, https:\/\/www.lucca.fr\/actualites\/wp-content\/uploads\/2023\/11\/LuccaXCompwise2-1536x1152.jpg 1536w, https:\/\/www.lucca.fr\/actualites\/wp-content\/uploads\/2023\/11\/LuccaXCompwise2-2048x1536.jpg 2048w, https:\/\/www.lucca.fr\/actualites\/wp-content\/uploads\/2023\/11\/LuccaXCompwise2-280x210.jpg 280w, https:\/\/www.lucca.fr\/actualites\/wp-content\/uploads\/2023\/11\/LuccaXCompwise2-560x420.jpg 560w, https:\/\/www.lucca.fr\/actualites\/wp-content\/uploads\/2023\/11\/LuccaXCompwise2-450x338.jpg 450w, https:\/\/www.lucca.fr\/actualites\/wp-content\/uploads\/2023\/11\/LuccaXCompwise2-780x585.jpg 780w, https:\/\/www.lucca.fr\/actualites\/wp-content\/uploads\/2023\/11\/LuccaXCompwise2-1600x1200.jpg 1600w\" sizes=\"(max-width: 1024px) 100vw, 1024px\" \/>\t\t\t\t\t\t\t\t\t\t\t\t\t\t\t<\/div>\n\t\t\t\t<\/div>\n\t\t\t\t<div class=\"elementor-element elementor-element-cd41f99 elementor-widget elementor-widget-text-editor\" data-id=\"cd41f99\" data-element_type=\"widget\" data-e-type=\"widget\" data-widget_type=\"text-editor.default\">\n\t\t\t\t<div class=\"elementor-widget-container\">\n\t\t\t\t\t\t\t\t\t<p>La guerre des talents contraint les entreprises en particulier les PME et les ETI \u00e0 <strong>mettre en place de nouveaux leviers pour attirer et retenir leurs collaborateurs<\/strong>. Le Comp &amp; Ben en est un. Il a notamment pour r\u00f4le d&rsquo;appr\u00e9hender les attentes des collaborateurs en termes de r\u00e9mun\u00e9ration, au regard de ce que peut faire l&rsquo;entreprise.\u00a0<\/p><p>Cet outil que nous ajouterons \u00e0 notre catalogue au 3e trimestre 2024 vous permettra de<strong>\u00a0suivre en temps r\u00e9el de nombreux indicateurs<\/strong>\u00a0(masse salariale, index homme\/femme \u2026),\u00a0<strong>de g\u00e9rer les grilles de r\u00e9mun\u00e9ration<\/strong>\u00a0et\u00a0<strong>d\u2019assurer la gestion des campagnes de r\u00e9vision salariale<\/strong>.\u00a0<\/p><p>Avec cette nouvelle brique logicielle, nous serons le premier SIRH \u00e0 int\u00e9grer le pilotage de la politique salariale en France.<\/p>\t\t\t\t\t\t\t\t<\/div>\n\t\t\t\t<\/div>\n\t\t\t\t\t<\/div>\n\t\t\t\t<\/div>\n\t\t\t\t<\/div>\n\t\t","protected":false},"excerpt":{"rendered":"<p>Il y a quelques mois, j\u2019ai rencontr\u00e9 Mathieu Azar et Nicolas Assouad, les co-fondateurs de Compwise, une startup qui \u00e9dite un logiciel de gestion de la r\u00e9mun\u00e9ration et des avantages sociaux (\u201cComp &amp; Ben\u201d pour compensation and benefits) J\u2019ai vu un beau produit et j\u2019ai surtout rencontr\u00e9 une belle \u00e9quipe. J\u2019ai \u00e9t\u00e9 convaincu de la [&hellip;]<\/p>\n","protected":false},"author":209,"featured_media":10363,"comment_status":"open","ping_status":"closed","sticky":false,"template":"","format":"standard","meta":{"inline_featured_image":false,"footnotes":""},"categories":[77],"tags":[],"class_list":{"0":"post-10362","1":"post","2":"type-post","3":"status-publish","4":"format-standard","5":"has-post-thumbnail","7":"category-vie-dentreprise"},"_links":{"self":[{"href":"https:\/\/www.lucca.fr\/actualites\/wp-json\/wp\/v2\/posts\/10362","targetHints":{"allow":["GET"]}}],"collection":[{"href":"https:\/\/www.lucca.fr\/actualites\/wp-json\/wp\/v2\/posts"}],"about":[{"href":"https:\/\/www.lucca.fr\/actualites\/wp-json\/wp\/v2\/types\/post"}],"author":[{"embeddable":true,"href":"https:\/\/www.lucca.fr\/actualites\/wp-json\/wp\/v2\/users\/209"}],"replies":[{"embeddable":true,"href":"https:\/\/www.lucca.fr\/actualites\/wp-json\/wp\/v2\/comments?post=10362"}],"version-history":[{"count":0,"href":"https:\/\/www.lucca.fr\/actualites\/wp-json\/wp\/v2\/posts\/10362\/revisions"}],"wp:featuredmedia":[{"embeddable":true,"href":"https:\/\/www.lucca.fr\/actualites\/wp-json\/wp\/v2\/media\/10363"}],"wp:attachment":[{"href":"https:\/\/www.lucca.fr\/actualites\/wp-json\/wp\/v2\/media?parent=10362"}],"wp:term":[{"taxonomy":"category","embeddable":true,"href":"https:\/\/www.lucca.fr\/actualites\/wp-json\/wp\/v2\/categories?post=10362"},{"taxonomy":"post_tag","embeddable":true,"href":"https:\/\/www.lucca.fr\/actualites\/wp-json\/wp\/v2\/tags?post=10362"}],"curies":[{"name":"wp","href":"https:\/\/api.w.org\/{rel}","templated":true}]}}