{"id":11929,"date":"2024-03-27T15:06:55","date_gmt":"2024-03-27T14:06:55","guid":{"rendered":"https:\/\/www.lucca.fr\/actualites\/?p=11929"},"modified":"2024-03-27T17:51:02","modified_gmt":"2024-03-27T16:51:02","slug":"la-gestion-des-competences-arrive-dans-poplee-entretiens","status":"publish","type":"post","link":"https:\/\/www.lucca.fr\/actualites\/la-gestion-des-competences-arrive-dans-poplee-entretiens\/","title":{"rendered":"La gestion des comp\u00e9tences arrive dans Poplee Entretiens"},"content":{"rendered":"\t\t<div data-elementor-type=\"wp-post\" data-elementor-id=\"11929\" class=\"elementor elementor-11929\" data-elementor-post-type=\"post\">\n\t\t\t\t<div class=\"elementor-element elementor-element-0053121 e-flex e-con-boxed e-con e-parent\" data-id=\"0053121\" data-element_type=\"container\" data-e-type=\"container\">\n\t\t\t\t\t<div class=\"e-con-inner\">\n\t\t\t\t<div class=\"elementor-element elementor-element-28da86c elementor-widget elementor-widget-text-editor\" data-id=\"28da86c\" data-element_type=\"widget\" data-e-type=\"widget\" data-widget_type=\"text-editor.default\">\n\t\t\t\t<div class=\"elementor-widget-container\">\n\t\t\t\t\t\t\t\t\t<p><span style=\"font-weight: 400;\">Le 4 juin prochain, Poplee Entretiens se dotera d\u2019un nouveau module d\u00e9di\u00e9 \u00e0 la gestion des comp\u00e9tences des collaborateurs. Il vous permettra de r\u00e9f\u00e9rencer les comp\u00e9tences attendues pour chaque m\u00e9tier et de suivre leur \u00e9volution pour\u00a0 chaque collaborateur. Ce module est inclus dans Poplee Entretiens, sans co\u00fbt additionnel.<\/span><\/p>\t\t\t\t\t\t\t\t<\/div>\n\t\t\t\t<\/div>\n\t\t\t\t<div class=\"elementor-element elementor-element-be22478 elementor-widget__width-inherit elementor-widget elementor-widget-image\" data-id=\"be22478\" data-element_type=\"widget\" data-e-type=\"widget\" data-widget_type=\"image.default\">\n\t\t\t\t<div class=\"elementor-widget-container\">\n\t\t\t\t\t\t\t\t\t\t\t\t\t\t\t<img fetchpriority=\"high\" decoding=\"async\" width=\"1024\" height=\"536\" src=\"https:\/\/www.lucca.fr\/actualites\/wp-content\/uploads\/2024\/03\/Capture-decran-2024-03-27-a-17.33.50-1024x536.png\" class=\"attachment-large size-large wp-image-11982\" alt=\"\" srcset=\"https:\/\/www.lucca.fr\/actualites\/wp-content\/uploads\/2024\/03\/Capture-decran-2024-03-27-a-17.33.50-1024x536.png 1024w, https:\/\/www.lucca.fr\/actualites\/wp-content\/uploads\/2024\/03\/Capture-decran-2024-03-27-a-17.33.50-300x157.png 300w, https:\/\/www.lucca.fr\/actualites\/wp-content\/uploads\/2024\/03\/Capture-decran-2024-03-27-a-17.33.50-768x402.png 768w, https:\/\/www.lucca.fr\/actualites\/wp-content\/uploads\/2024\/03\/Capture-decran-2024-03-27-a-17.33.50-1536x803.png 1536w, https:\/\/www.lucca.fr\/actualites\/wp-content\/uploads\/2024\/03\/Capture-decran-2024-03-27-a-17.33.50-2048x1071.png 2048w, https:\/\/www.lucca.fr\/actualites\/wp-content\/uploads\/2024\/03\/Capture-decran-2024-03-27-a-17.33.50-450x235.png 450w, https:\/\/www.lucca.fr\/actualites\/wp-content\/uploads\/2024\/03\/Capture-decran-2024-03-27-a-17.33.50-780x408.png 780w, https:\/\/www.lucca.fr\/actualites\/wp-content\/uploads\/2024\/03\/Capture-decran-2024-03-27-a-17.33.50-1600x837.png 1600w\" sizes=\"(max-width: 1024px) 100vw, 1024px\" \/>\t\t\t\t\t\t\t\t\t\t\t\t\t\t\t<\/div>\n\t\t\t\t<\/div>\n\t\t\t\t<div class=\"elementor-element elementor-element-73419c4 elementor-widget elementor-widget-text-editor\" data-id=\"73419c4\" data-element_type=\"widget\" data-e-type=\"widget\" data-widget_type=\"text-editor.default\">\n\t\t\t\t<div class=\"elementor-widget-container\">\n\t\t\t\t\t\t\t\t\t<p><span style=\"font-weight: 400;\">Une comp\u00e9tence se d\u00e9finit tr\u00e8s simplement par un nom, une description et un rattachement \u00e0 une des 4 cat\u00e9gories suivantes : les <strong>savoirs<\/strong> (connaissances), les <strong>savoir-faire<\/strong> (comp\u00e9tences op\u00e9rationnelles), les <strong>savoir-\u00eatre<\/strong> (comp\u00e9tences comportementales) et les<strong> langues<\/strong>.<\/span><\/p><p><span style=\"font-weight: 400;\">Au sein du r\u00e9f\u00e9rentiel, chaque comp\u00e9tence doit avoir une d\u00e9finition. Id\u00e9alement, et pour plus de pr\u00e9cision vous pourrez d\u00e9crire les diff\u00e9rents niveaux de ma\u00eetrise de la comp\u00e9tence. <\/span><span style=\"font-weight: 400;\">Vous pourrez ainsi configurer dans Lucca le r\u00e9f\u00e9rentiel de comp\u00e9tences de votre entreprise et le niveau attendu de chaque comp\u00e9tence par m\u00e9tier.\u00a0<\/span><\/p><p><span style=\"font-weight: 400;\">Ensuite, lors de l\u2019entretien, le manager pourra pour chacune des comp\u00e9tences r\u00e9f\u00e9renc\u00e9es pour le m\u00e9tier, donner son \u00e9valuation du niveau de son collaborateur et la comparer au niveau attendu.<\/span><\/p>\t\t\t\t\t\t\t\t<\/div>\n\t\t\t\t<\/div>\n\t\t\t\t<div class=\"elementor-element elementor-element-db30e70 elementor-widget elementor-widget-image\" data-id=\"db30e70\" data-element_type=\"widget\" data-e-type=\"widget\" data-widget_type=\"image.default\">\n\t\t\t\t<div class=\"elementor-widget-container\">\n\t\t\t\t\t\t\t\t\t\t\t\t\t\t\t<img decoding=\"async\" width=\"1024\" height=\"818\" src=\"https:\/\/www.lucca.fr\/actualites\/wp-content\/uploads\/2024\/03\/Capture-decran-2024-03-27-a-17.35.26-1024x818.png\" class=\"attachment-large size-large wp-image-11983\" alt=\"\" srcset=\"https:\/\/www.lucca.fr\/actualites\/wp-content\/uploads\/2024\/03\/Capture-decran-2024-03-27-a-17.35.26-1024x818.png 1024w, https:\/\/www.lucca.fr\/actualites\/wp-content\/uploads\/2024\/03\/Capture-decran-2024-03-27-a-17.35.26-300x240.png 300w, https:\/\/www.lucca.fr\/actualites\/wp-content\/uploads\/2024\/03\/Capture-decran-2024-03-27-a-17.35.26-768x614.png 768w, https:\/\/www.lucca.fr\/actualites\/wp-content\/uploads\/2024\/03\/Capture-decran-2024-03-27-a-17.35.26-1536x1227.png 1536w, https:\/\/www.lucca.fr\/actualites\/wp-content\/uploads\/2024\/03\/Capture-decran-2024-03-27-a-17.35.26-2048x1636.png 2048w, https:\/\/www.lucca.fr\/actualites\/wp-content\/uploads\/2024\/03\/Capture-decran-2024-03-27-a-17.35.26-450x360.png 450w, https:\/\/www.lucca.fr\/actualites\/wp-content\/uploads\/2024\/03\/Capture-decran-2024-03-27-a-17.35.26-780x623.png 780w, https:\/\/www.lucca.fr\/actualites\/wp-content\/uploads\/2024\/03\/Capture-decran-2024-03-27-a-17.35.26-1600x1278.png 1600w\" sizes=\"(max-width: 1024px) 100vw, 1024px\" \/>\t\t\t\t\t\t\t\t\t\t\t\t\t\t\t<\/div>\n\t\t\t\t<\/div>\n\t\t\t\t<div class=\"elementor-element elementor-element-4e514db elementor-widget elementor-widget-text-editor\" data-id=\"4e514db\" data-element_type=\"widget\" data-e-type=\"widget\" data-widget_type=\"text-editor.default\">\n\t\t\t\t<div class=\"elementor-widget-container\">\n\t\t\t\t\t\t\t\t\t<p><span style=\"font-weight: 400;\">Les administrateurs, quant \u00e0 eux, pourront identifier d\u2019un coup d&rsquo;\u0153il les comp\u00e9tences manquantes dans l&rsquo;entreprise gr\u00e2ce \u00e0 la visualisation globale des comp\u00e9tences, organis\u00e9e par m\u00e9tier ou par \u00e9quipe.<\/span><\/p>\t\t\t\t\t\t\t\t<\/div>\n\t\t\t\t<\/div>\n\t\t\t\t<div class=\"elementor-element elementor-element-f0bdfb9 elementor-widget elementor-widget-image\" data-id=\"f0bdfb9\" data-element_type=\"widget\" data-e-type=\"widget\" data-widget_type=\"image.default\">\n\t\t\t\t<div class=\"elementor-widget-container\">\n\t\t\t\t\t\t\t\t\t\t\t\t\t\t\t<img decoding=\"async\" width=\"1024\" height=\"581\" src=\"https:\/\/www.lucca.fr\/actualites\/wp-content\/uploads\/2024\/03\/Capture-decran-2024-03-27-a-17.31.33-1024x581.png\" class=\"attachment-large size-large wp-image-11980\" alt=\"\" srcset=\"https:\/\/www.lucca.fr\/actualites\/wp-content\/uploads\/2024\/03\/Capture-decran-2024-03-27-a-17.31.33-1024x581.png 1024w, https:\/\/www.lucca.fr\/actualites\/wp-content\/uploads\/2024\/03\/Capture-decran-2024-03-27-a-17.31.33-300x170.png 300w, https:\/\/www.lucca.fr\/actualites\/wp-content\/uploads\/2024\/03\/Capture-decran-2024-03-27-a-17.31.33-768x436.png 768w, https:\/\/www.lucca.fr\/actualites\/wp-content\/uploads\/2024\/03\/Capture-decran-2024-03-27-a-17.31.33-1536x871.png 1536w, https:\/\/www.lucca.fr\/actualites\/wp-content\/uploads\/2024\/03\/Capture-decran-2024-03-27-a-17.31.33-2048x1161.png 2048w, https:\/\/www.lucca.fr\/actualites\/wp-content\/uploads\/2024\/03\/Capture-decran-2024-03-27-a-17.31.33-450x255.png 450w, https:\/\/www.lucca.fr\/actualites\/wp-content\/uploads\/2024\/03\/Capture-decran-2024-03-27-a-17.31.33-780x442.png 780w, https:\/\/www.lucca.fr\/actualites\/wp-content\/uploads\/2024\/03\/Capture-decran-2024-03-27-a-17.31.33-1600x907.png 1600w\" sizes=\"(max-width: 1024px) 100vw, 1024px\" \/>\t\t\t\t\t\t\t\t\t\t\t\t\t\t\t<\/div>\n\t\t\t\t<\/div>\n\t\t\t\t<div class=\"elementor-element elementor-element-dc04c90 elementor-widget elementor-widget-text-editor\" data-id=\"dc04c90\" data-element_type=\"widget\" data-e-type=\"widget\" data-widget_type=\"text-editor.default\">\n\t\t\t\t<div class=\"elementor-widget-container\">\n\t\t\t\t\t\t\t\t\t<p><span style=\"font-weight: 400;\">Le module de gestion des comp\u00e9tences sera disponible pour les clients d\u00e9j\u00e0 \u00e9quip\u00e9s de Poplee Entretiens. Vous recevrez tr\u00e8s prochainement une communication d\u00e9di\u00e9e \u00e0 ce sujet.<\/span><\/p><p><span style=\"font-weight: 400;\">Si vous voulez\u00a0 une d\u00e9mo du module \u00ab\u00a0Comp\u00e9tences\u00a0\u00bb, <\/span><span style=\"color: #ff6600;\"><a style=\"color: #ff6600;\" href=\"https:\/\/contact.luccasoftware.com\/fr-demo-talent\/poplee-entretiens?axeptio_token=18asgzy5unicv6el0w6rnl\" target=\"_blank\" rel=\"noopener\"><span style=\"font-weight: 400;\">prenez rendez-vous avec l&rsquo;un de nos experts<\/span><\/a><\/span><span style=\"font-weight: 400;\">.\u00a0<\/span><\/p>\t\t\t\t\t\t\t\t<\/div>\n\t\t\t\t<\/div>\n\t\t\t\t\t<\/div>\n\t\t\t\t<\/div>\n\t\t\t\t<\/div>\n\t\t","protected":false},"excerpt":{"rendered":"<p>Le 4 juin prochain, Poplee Entretiens se dotera d\u2019un nouveau module d\u00e9di\u00e9 \u00e0 la gestion des comp\u00e9tences des collaborateurs. Il vous permettra de r\u00e9f\u00e9rencer les comp\u00e9tences attendues pour chaque m\u00e9tier et de suivre leur \u00e9volution pour\u00a0 chaque collaborateur. Ce module est inclus dans Poplee Entretiens, sans co\u00fbt additionnel. Une comp\u00e9tence se d\u00e9finit tr\u00e8s simplement par [&hellip;]<\/p>\n","protected":false},"author":232,"featured_media":11930,"comment_status":"open","ping_status":"open","sticky":false,"template":"","format":"standard","meta":{"inline_featured_image":false,"footnotes":""},"categories":[75],"tags":[],"class_list":{"0":"post-11929","1":"post","2":"type-post","3":"status-publish","4":"format-standard","5":"has-post-thumbnail","7":"category-evolutions-produits"},"_links":{"self":[{"href":"https:\/\/www.lucca.fr\/actualites\/wp-json\/wp\/v2\/posts\/11929","targetHints":{"allow":["GET"]}}],"collection":[{"href":"https:\/\/www.lucca.fr\/actualites\/wp-json\/wp\/v2\/posts"}],"about":[{"href":"https:\/\/www.lucca.fr\/actualites\/wp-json\/wp\/v2\/types\/post"}],"author":[{"embeddable":true,"href":"https:\/\/www.lucca.fr\/actualites\/wp-json\/wp\/v2\/users\/232"}],"replies":[{"embeddable":true,"href":"https:\/\/www.lucca.fr\/actualites\/wp-json\/wp\/v2\/comments?post=11929"}],"version-history":[{"count":0,"href":"https:\/\/www.lucca.fr\/actualites\/wp-json\/wp\/v2\/posts\/11929\/revisions"}],"wp:featuredmedia":[{"embeddable":true,"href":"https:\/\/www.lucca.fr\/actualites\/wp-json\/wp\/v2\/media\/11930"}],"wp:attachment":[{"href":"https:\/\/www.lucca.fr\/actualites\/wp-json\/wp\/v2\/media?parent=11929"}],"wp:term":[{"taxonomy":"category","embeddable":true,"href":"https:\/\/www.lucca.fr\/actualites\/wp-json\/wp\/v2\/categories?post=11929"},{"taxonomy":"post_tag","embeddable":true,"href":"https:\/\/www.lucca.fr\/actualites\/wp-json\/wp\/v2\/tags?post=11929"}],"curies":[{"name":"wp","href":"https:\/\/api.w.org\/{rel}","templated":true}]}}