{"id":12012,"date":"2024-05-29T16:47:32","date_gmt":"2024-05-29T14:47:32","guid":{"rendered":"https:\/\/www.lucca.fr\/actualites\/?p=12012"},"modified":"2024-05-30T16:19:13","modified_gmt":"2024-05-30T14:19:13","slug":"3-actions-pour-une-meilleure-semaine-de-la-qvt","status":"publish","type":"post","link":"https:\/\/www.lucca.fr\/actualites\/3-actions-pour-une-meilleure-semaine-de-la-qvt\/","title":{"rendered":"3 actions pour une meilleure semaine de la QVCT"},"content":{"rendered":"\t\t<div data-elementor-type=\"wp-post\" data-elementor-id=\"12012\" class=\"elementor elementor-12012\" data-elementor-post-type=\"post\">\n\t\t\t\t<div class=\"elementor-element elementor-element-d9188a9 e-flex e-con-boxed e-con e-parent\" data-id=\"d9188a9\" data-element_type=\"container\" data-e-type=\"container\">\n\t\t\t\t\t<div class=\"e-con-inner\">\n\t\t\t\t<div class=\"elementor-element elementor-element-629bb94 elementor-widget elementor-widget-text-editor\" data-id=\"629bb94\" data-element_type=\"widget\" data-e-type=\"widget\" data-widget_type=\"text-editor.default\">\n\t\t\t\t<div class=\"elementor-widget-container\">\n\t\t\t\t\t\t\t\t\t<p><span style=\"font-weight: 400;\">La Qualit\u00e9 de Vie et des Conditions de Travail est un levier incontournable pour engager et fid\u00e9liser les talents au sein de l&rsquo;entreprise. Cette ann\u00e9e, elle sera mise \u00e0 l&rsquo;honneur durant la semaine du 17 au 21 juin. <\/span>\u00c0 cette occasion, nous vous proposons\u00a0trois actions rapides et faciles \u00e0 mettre en place.<\/p>\t\t\t\t\t\t\t\t<\/div>\n\t\t\t\t<\/div>\n\t\t\t\t<div class=\"elementor-element elementor-element-9004a5f elementor-widget elementor-widget-heading\" data-id=\"9004a5f\" data-element_type=\"widget\" data-e-type=\"widget\" data-widget_type=\"heading.default\">\n\t\t\t\t<div class=\"elementor-widget-container\">\n\t\t\t\t\t<h3 class=\"elementor-heading-title elementor-size-default\">Action 1  : organisez un \u00ab vis ma vie \u00bb\n<\/h3>\t\t\t\t<\/div>\n\t\t\t\t<\/div>\n\t\t\t\t<div class=\"elementor-element elementor-element-4f64b14 elementor-widget elementor-widget-text-editor\" data-id=\"4f64b14\" data-element_type=\"widget\" data-e-type=\"widget\" data-widget_type=\"text-editor.default\">\n\t\t\t\t<div class=\"elementor-widget-container\">\n\t\t\t\t\t\t\t\t\t<p><span style=\"font-weight: 400;\">Le \u00ab vis ma vie \u00bb permet \u00e0 un collaborateur de partager, pendant quelques heures ou une journ\u00e9e, le quotidien d\u2019un autre coll\u00e8gue exer\u00e7ant un m\u00e9tier diff\u00e9rent du sien.<\/span><\/p><p><span style=\"font-weight: 400;\">Pour que cela se d\u00e9roule bien, nous vous conseillons de partager un fichier Excel aupr\u00e8s de vos \u00e9quipes afin d&rsquo;identifier les volontaires et la dur\u00e9e du \u00ab vis ma vie \u00bb souhait\u00e9 par collaborateur. De plus, les collaborateurs peuvent ajouter un commentaire pour d\u00e9couvrir un m\u00e9tier en particulier s\u2019ils le souhaitent. En fonction des desiderata de chacun, d\u00e9terminez les duos et communiquez les \u00e9quipes aux collaborateurs. Nous vous conseillons \u00e9galement de vous aligner sur le meilleur moment pour ce \u00ab vis ma vie \u00bb aupr\u00e8s des directeurs d\u2019\u00e9quipes.\u00a0<\/span><\/p>\t\t\t\t\t\t\t\t<\/div>\n\t\t\t\t<\/div>\n\t\t\t\t<div class=\"elementor-element elementor-element-9027c39 elementor-widget elementor-widget-heading\" data-id=\"9027c39\" data-element_type=\"widget\" data-e-type=\"widget\" data-widget_type=\"heading.default\">\n\t\t\t\t<div class=\"elementor-widget-container\">\n\t\t\t\t\t<h3 class=\"elementor-heading-title elementor-size-default\">Action 2 : interdisez les r\u00e9unions sur une p\u00e9riode donn\u00e9e<\/h3>\t\t\t\t<\/div>\n\t\t\t\t<\/div>\n\t\t\t\t<div class=\"elementor-element elementor-element-9b153f6 elementor-widget elementor-widget-text-editor\" data-id=\"9b153f6\" data-element_type=\"widget\" data-e-type=\"widget\" data-widget_type=\"text-editor.default\">\n\t\t\t\t<div class=\"elementor-widget-container\">\n\t\t\t\t\t\t\t\t\t<p><span style=\"font-weight: 400;\">Pour lutter contre la r\u00e9unionite, vous pouvez interdire \u00e0 vos collaborateurs d\u2019organiser des r\u00e9unions internes le mardi ou le jeudi matin.\u00a0<\/span><\/p><p><span style=\"font-weight: 400;\">Solution alternative, vous pouvez tous les inviter via Outlook ou Gcal \u00e0 une r\u00e9union avec eux-m\u00eames, par exemple tous les vendredis apr\u00e8s-midi jusqu\u2019\u00e0 la fin de l\u2019ann\u00e9e. R\u00e9sultat garanti ! Chez Lucca, c\u2019est une initiative de Gilles Satg\u00e9 notre PDG, et lui-m\u00eame y participe.<\/span><\/p>\t\t\t\t\t\t\t\t<\/div>\n\t\t\t\t<\/div>\n\t\t\t\t<div class=\"elementor-element elementor-element-688cf3b elementor-widget elementor-widget-image\" data-id=\"688cf3b\" data-element_type=\"widget\" data-e-type=\"widget\" data-widget_type=\"image.default\">\n\t\t\t\t<div class=\"elementor-widget-container\">\n\t\t\t\t\t\t\t\t\t\t\t\t\t\t\t<img fetchpriority=\"high\" decoding=\"async\" width=\"440\" height=\"376\" src=\"https:\/\/www.lucca.fr\/actualites\/wp-content\/uploads\/2024\/05\/Capture-decran-2024-05-28-a-14.44.22.png\" class=\"attachment-large size-large wp-image-12014\" alt=\"\" srcset=\"https:\/\/www.lucca.fr\/actualites\/wp-content\/uploads\/2024\/05\/Capture-decran-2024-05-28-a-14.44.22.png 440w, https:\/\/www.lucca.fr\/actualites\/wp-content\/uploads\/2024\/05\/Capture-decran-2024-05-28-a-14.44.22-300x256.png 300w\" sizes=\"(max-width: 440px) 100vw, 440px\" \/>\t\t\t\t\t\t\t\t\t\t\t\t\t\t\t<\/div>\n\t\t\t\t<\/div>\n\t\t\t\t<div class=\"elementor-element elementor-element-035a901 elementor-widget elementor-widget-heading\" data-id=\"035a901\" data-element_type=\"widget\" data-e-type=\"widget\" data-widget_type=\"heading.default\">\n\t\t\t\t<div class=\"elementor-widget-container\">\n\t\t\t\t\t<h3 class=\"elementor-heading-title elementor-size-default\">Action 3  : proposez des d\u00e9jeuners inspirants<\/h3>\t\t\t\t<\/div>\n\t\t\t\t<\/div>\n\t\t\t\t<div class=\"elementor-element elementor-element-e2fc124 elementor-widget elementor-widget-text-editor\" data-id=\"e2fc124\" data-element_type=\"widget\" data-e-type=\"widget\" data-widget_type=\"text-editor.default\">\n\t\t\t\t<div class=\"elementor-widget-container\">\n\t\t\t\t\t\t\t\t\t<p><span style=\"font-weight: 400;\">En entreprise, il y a toujours une ou plusieurs personnes comp\u00e9tentes sur un sujet donn\u00e9. La planification financi\u00e8re en est un. Or, avoir des bases en finance n&rsquo;est pas toujours accessible \u00e0 tous. Profitez de vos talents en interne pour permettre \u00e0 vos autres collaborateurs une mont\u00e9e en comp\u00e9tence agr\u00e9able.\u00a0<\/span><\/p><p><span style=\"font-weight: 400;\">Sur un plan professionnel, vous pouvez \u00e9galement proposer \u00e0 un expert, un ancien coll\u00e8gue ou collaborateur, de faire un d\u00e9jeuner avec une \u00e9quipe concern\u00e9e par son domaine d\u2019expertise. Chez Lucca, nous avons par exemple d\u00e9j\u00e0 propos\u00e9 \u00e0 nos collaborateurs un d\u00e9jeuner d\u00e9di\u00e9 au logiciel RabbitMQ. Vous ne pourrez pas mieux illustrer l\u2019expression anglaise <\/span><i><span style=\"font-weight: 400;\">Food for thought<\/span><\/i><span style=\"font-weight: 400;\">.\u00a0<\/span><\/p>\t\t\t\t\t\t\t\t<\/div>\n\t\t\t\t<\/div>\n\t\t\t\t<div class=\"elementor-element elementor-element-93c8b25 elementor-widget elementor-widget-text-editor\" data-id=\"93c8b25\" data-element_type=\"widget\" data-e-type=\"widget\" data-widget_type=\"text-editor.default\">\n\t\t\t\t<div class=\"elementor-widget-container\">\n\t\t\t\t\t\t\t\t\t<p><span style=\"font-weight: 400;\">Pour les clients Poplee Engagement, une biblioth\u00e8que avec plus de 60 fiches d\u2019actions est disponible depuis peu pour vous inspirer au quotidien dans votre passage \u00e0 l\u2019action. <\/span><a href=\"https:\/\/contact.luccasoftware.com\/fr-demo-in-app-talent\/client-poplee-engagement?utm_source=push&amp;utm_medium=email&amp;utm_content=demo_p_engagement&amp;utm_campaign=%5BMKT%5D%5BFR%5D+Newsletter+Client\" target=\"_blank\" rel=\"noopener\"><b>Cliquez ici pour avoir une d\u00e9mo. <\/b><\/a><\/p>\t\t\t\t\t\t\t\t<\/div>\n\t\t\t\t<\/div>\n\t\t\t\t\t<\/div>\n\t\t\t\t<\/div>\n\t\t\t\t<\/div>\n\t\t","protected":false},"excerpt":{"rendered":"<p>La Qualit\u00e9 de Vie et des Conditions de Travail est un levier incontournable pour engager et fid\u00e9liser les talents au sein de l&rsquo;entreprise. Cette ann\u00e9e, elle sera mise \u00e0 l&rsquo;honneur durant la semaine du 17 au 21 juin. \u00c0 cette occasion, nous vous proposons\u00a0trois actions rapides et faciles \u00e0 mettre en place. Action 1 : [&hellip;]<\/p>\n","protected":false},"author":239,"featured_media":12050,"comment_status":"open","ping_status":"open","sticky":false,"template":"","format":"standard","meta":{"inline_featured_image":false,"footnotes":""},"categories":[75],"tags":[],"class_list":{"0":"post-12012","1":"post","2":"type-post","3":"status-publish","4":"format-standard","5":"has-post-thumbnail","7":"category-evolutions-produits"},"_links":{"self":[{"href":"https:\/\/www.lucca.fr\/actualites\/wp-json\/wp\/v2\/posts\/12012","targetHints":{"allow":["GET"]}}],"collection":[{"href":"https:\/\/www.lucca.fr\/actualites\/wp-json\/wp\/v2\/posts"}],"about":[{"href":"https:\/\/www.lucca.fr\/actualites\/wp-json\/wp\/v2\/types\/post"}],"author":[{"embeddable":true,"href":"https:\/\/www.lucca.fr\/actualites\/wp-json\/wp\/v2\/users\/239"}],"replies":[{"embeddable":true,"href":"https:\/\/www.lucca.fr\/actualites\/wp-json\/wp\/v2\/comments?post=12012"}],"version-history":[{"count":0,"href":"https:\/\/www.lucca.fr\/actualites\/wp-json\/wp\/v2\/posts\/12012\/revisions"}],"wp:featuredmedia":[{"embeddable":true,"href":"https:\/\/www.lucca.fr\/actualites\/wp-json\/wp\/v2\/media\/12050"}],"wp:attachment":[{"href":"https:\/\/www.lucca.fr\/actualites\/wp-json\/wp\/v2\/media?parent=12012"}],"wp:term":[{"taxonomy":"category","embeddable":true,"href":"https:\/\/www.lucca.fr\/actualites\/wp-json\/wp\/v2\/categories?post=12012"},{"taxonomy":"post_tag","embeddable":true,"href":"https:\/\/www.lucca.fr\/actualites\/wp-json\/wp\/v2\/tags?post=12012"}],"curies":[{"name":"wp","href":"https:\/\/api.w.org\/{rel}","templated":true}]}}