{"id":12400,"date":"2026-01-21T12:50:48","date_gmt":"2026-01-21T11:50:48","guid":{"rendered":"https:\/\/www.lucca.fr\/actualites\/?p=12400"},"modified":"2026-01-26T12:05:11","modified_gmt":"2026-01-26T11:05:11","slug":"facturation-electronique-notes-de-frais","status":"publish","type":"post","link":"https:\/\/www.lucca.fr\/actualites\/facturation-electronique-notes-de-frais\/","title":{"rendered":"R\u00e9forme de la facturation \u00e9lectronique : les notes de frais sont aussi concern\u00e9es."},"content":{"rendered":"\t\t<div data-elementor-type=\"wp-post\" data-elementor-id=\"12400\" class=\"elementor elementor-12400\" data-elementor-post-type=\"post\">\n\t\t\t\t<div class=\"elementor-element elementor-element-24c05d9 e-flex e-con-boxed e-con e-parent\" data-id=\"24c05d9\" data-element_type=\"container\" data-e-type=\"container\">\n\t\t\t\t\t<div class=\"e-con-inner\">\n\t\t\t\t<div class=\"elementor-element elementor-element-6162c4e elementor-widget elementor-widget-text-editor\" data-id=\"6162c4e\" data-element_type=\"widget\" data-e-type=\"widget\" data-widget_type=\"text-editor.default\">\n\t\t\t\t<div class=\"elementor-widget-container\">\n\t\t\t\t\t\t\t\t\t<p><a href=\"https:\/\/support.luccasoftware.com\/s\/article\/facturation-%C3%A9lectronique-tout-ce-que-vous-devez-savoir-pour-%C3%AAtre-pr%C3%AAt?language=fr\"><span style=\"font-weight: 400;\">La r\u00e9forme de la <\/span><b>facturation \u00e9lectronique<\/b><\/a> <span style=\"font-weight: 400;\">entre en vigueur au 1er septembre 2026. Elle concerne l&rsquo;ensemble des entreprises fran\u00e7aises assujetties \u00e0 la TVA.<\/span><\/p><p><b>Cette r\u00e9forme impacte aussi les justificatifs des notes de frais<\/b><span style=\"font-weight: 400;\">. Voici pourquoi.<\/span><\/p><p><span style=\"font-weight: 400;\">Dans certains cas, un commer\u00e7ant sera tenu d\u2019\u00e9mettre une facture \u00e9lectronique que vous serez oblig\u00e9 de traiter conform\u00e9ment \u00e0 la nouvelle r\u00e9glementation.\u00a0<\/span><\/p><p><b>Cas n\u00b0 1 :<\/b><span style=\"font-weight: 400;\"> les frais d\u2019h\u00f4tel. Si votre collaborateur demande \u00e0 ce que la facture soit \u00e9mise au nom de votre entreprise, alors, une facture \u00e9lectronique sera \u00e9mise par l\u2019h\u00f4tel. Si la facture \u00e9mise par l\u2019h\u00f4tel est au nom du collaborateur, elle ne fera pas l\u2019objet d\u2019une facture \u00e9lectronique et sera \u00e9dit\u00e9e aux formats usuels : pdf, papier\u2026<\/span><\/p><p><b>Cas n\u00b0\u00a02 :<\/b><span style=\"font-weight: 400;\"> les petits achats qui passent en note de frais. La logique est similaire en tous points.<\/span><\/p><p><b>Cas n\u00b0\u00a03 :<\/b><span style=\"font-weight: 400;\"> les frais de restaurant. Si le montant de la d\u00e9pense d\u00e9passe 150,00 \u20ac HT, le restaurateur est tenu d&rsquo;\u00e9mettre une facture qui sera \u00e9lectronique si elle est au nom de votre entreprise.<\/span><\/p><p><span style=\"font-weight: 400;\">En r\u00e9sum\u00e9, toutes les factures transmises par des entreprises fran\u00e7aises assujetties \u00e0 la TVA \u00e0 votre entreprise seront au format \u00e9lectronique. Qu\u2019elles fassent l\u2019objet ou non d\u2019une note de frais.<\/span><\/p><p><span style=\"font-weight: 400;\">La r\u00e9forme impose que les factures \u00e9lectroniques transitent obligatoirement par des plateformes agr\u00e9\u00e9es. Lucca sera l\u2019une d\u2019entre elles.<\/span><\/p><p><span style=\"font-weight: 400;\">Dans leur application Lucca, les collaborateurs disposeront d&rsquo;un espace d\u00e9di\u00e9 o\u00f9 ils pourront communiquer au fournisseur l&rsquo;adresse de la plateforme agr\u00e9\u00e9e \u00e0 utiliser pour l&rsquo;envoi de la facture \u00e9lectronique.<\/span><\/p><p><span style=\"font-weight: 400;\">Ceci vous permettra de recevoir des factures \u00e9lectroniques et de les retrouver automatiquement dans notre solution Notes de frais en vue de leur traitement.<\/span><\/p><p><strong>L\u2019acc\u00e8s \u00e0 la plateforme agr\u00e9\u00e9e Lucca sera compris dans votre abonnement Notes de frais.<\/strong><\/p><p><span style=\"font-weight: 400;\">Si vous souhaitez traiter l\u2019ensemble de vos factures \u00e9lectroniques re\u00e7ues dans Lucca, notre solution Factures vous le permettra.<\/span><\/p><p><span style=\"font-weight: 400;\">Si vous \u00eates d\u00e9j\u00e0 \u00e9quip\u00e9s d\u2019une solution de gestion des factures fournisseurs, aucun probl\u00e8me. Vous pouvez avoir plusieurs plateformes agr\u00e9\u00e9es en r\u00e9ception : une pour les notes de frais et une pour les factures fournisseurs.<\/span><\/p><p><span style=\"font-weight: 400;\">Pour obtenir davantage d\u2019informations sur la plateforme agr\u00e9\u00e9e Lucca ou sur les cas d\u2019usage sp\u00e9cifiques aux notes de frais, vous pouvez <a href=\"https:\/\/calendly.com\/d\/cvgq-63n-c9t\/lucca-et-la-reforme-de-la-facturation-electronique\" target=\"_blank\" rel=\"noopener\">prendre rendez-vous<\/a> avec un de nos experts.<\/span><\/p>\t\t\t\t\t\t\t\t<\/div>\n\t\t\t\t<\/div>\n\t\t\t\t\t<\/div>\n\t\t\t\t<\/div>\n\t\t\t\t<\/div>\n\t\t","protected":false},"excerpt":{"rendered":"<p>La r\u00e9forme de la facturation \u00e9lectronique entre en vigueur au 1er septembre 2026. Elle concerne l&rsquo;ensemble des entreprises fran\u00e7aises assujetties \u00e0 la TVA. Cette r\u00e9forme impacte aussi les justificatifs des notes de frais. Voici pourquoi. Dans certains cas, un commer\u00e7ant sera tenu d\u2019\u00e9mettre une facture \u00e9lectronique que vous serez oblig\u00e9 de traiter conform\u00e9ment \u00e0 la [&hellip;]<\/p>\n","protected":false},"author":235,"featured_media":12388,"comment_status":"open","ping_status":"open","sticky":false,"template":"","format":"standard","meta":{"inline_featured_image":false,"footnotes":""},"categories":[75],"tags":[],"class_list":{"0":"post-12400","1":"post","2":"type-post","3":"status-publish","4":"format-standard","5":"has-post-thumbnail","7":"category-evolutions-produits"},"_links":{"self":[{"href":"https:\/\/www.lucca.fr\/actualites\/wp-json\/wp\/v2\/posts\/12400","targetHints":{"allow":["GET"]}}],"collection":[{"href":"https:\/\/www.lucca.fr\/actualites\/wp-json\/wp\/v2\/posts"}],"about":[{"href":"https:\/\/www.lucca.fr\/actualites\/wp-json\/wp\/v2\/types\/post"}],"author":[{"embeddable":true,"href":"https:\/\/www.lucca.fr\/actualites\/wp-json\/wp\/v2\/users\/235"}],"replies":[{"embeddable":true,"href":"https:\/\/www.lucca.fr\/actualites\/wp-json\/wp\/v2\/comments?post=12400"}],"version-history":[{"count":11,"href":"https:\/\/www.lucca.fr\/actualites\/wp-json\/wp\/v2\/posts\/12400\/revisions"}],"predecessor-version":[{"id":12458,"href":"https:\/\/www.lucca.fr\/actualites\/wp-json\/wp\/v2\/posts\/12400\/revisions\/12458"}],"wp:featuredmedia":[{"embeddable":true,"href":"https:\/\/www.lucca.fr\/actualites\/wp-json\/wp\/v2\/media\/12388"}],"wp:attachment":[{"href":"https:\/\/www.lucca.fr\/actualites\/wp-json\/wp\/v2\/media?parent=12400"}],"wp:term":[{"taxonomy":"category","embeddable":true,"href":"https:\/\/www.lucca.fr\/actualites\/wp-json\/wp\/v2\/categories?post=12400"},{"taxonomy":"post_tag","embeddable":true,"href":"https:\/\/www.lucca.fr\/actualites\/wp-json\/wp\/v2\/tags?post=12400"}],"curies":[{"name":"wp","href":"https:\/\/api.w.org\/{rel}","templated":true}]}}