{"id":16641,"date":"2023-06-09T16:29:06","date_gmt":"2023-06-09T15:29:06","guid":{"rendered":"https:\/\/www.lucca.fr\/magazine\/?p=16641"},"modified":"2025-07-10T14:38:32","modified_gmt":"2025-07-10T13:38:32","slug":"construire-plan-de-formation","status":"publish","type":"post","link":"https:\/\/www.lucca.fr\/magazine\/talents\/competences-carrieres\/construire-plan-de-formation","title":{"rendered":"3 conseils pour \u00e9laborer un plan de formation adapt\u00e9 aux besoins de votre entreprise"},"content":{"rendered":"\t\t<div data-elementor-type=\"wp-post\" data-elementor-id=\"16641\" class=\"elementor elementor-16641\" data-elementor-post-type=\"post\">\n\t\t\t\t\t\t<section class=\"elementor-section elementor-top-section elementor-element elementor-element-d83597d elementor-section-boxed elementor-section-height-default elementor-section-height-default\" data-id=\"d83597d\" data-element_type=\"section\" data-e-type=\"section\">\n\t\t\t\t\t\t<div class=\"elementor-container elementor-column-gap-default\">\n\t\t\t\t\t<div class=\"elementor-column elementor-col-100 elementor-top-column elementor-element elementor-element-0c3ad6d\" data-id=\"0c3ad6d\" data-element_type=\"column\" data-e-type=\"column\">\n\t\t\t<div class=\"elementor-widget-wrap elementor-element-populated\">\n\t\t\t\t\t\t<div class=\"elementor-element elementor-element-ea22b17 elementor-widget elementor-widget-text-editor\" data-id=\"ea22b17\" data-element_type=\"widget\" data-e-type=\"widget\" data-widget_type=\"text-editor.default\">\n\t\t\t\t<div class=\"elementor-widget-container\">\n\t\t\t\t\t\t\t\t\t<p>Selon le barom\u00e8tre de la formation professionnelle Lefebvre-Dalloz 2023, 86 % des actifs en emploi se sentent concern\u00e9s par leur formation continue. Leur attente principale\u2009? Exercer le mieux possible leur m\u00e9tier. Du c\u00f4t\u00e9 des entreprises, la formation est per\u00e7ue comme un levier strat\u00e9gique, souligne l\u2019enqu\u00eate.<\/p><p>L\u2019enjeu de la formation fait consensus. Mais les bonnes intentions ne suffisent pas. Un plan de formation improvis\u00e9 ne r\u00e9pondra jamais aux besoins de votre entreprise. Pour vous aider, voici trois conseils qui vous permettront d\u2019\u00e9laborer un plan de formation ax\u00e9 sur l\u2019am\u00e9lioration continue.<\/p>\t\t\t\t\t\t\t\t<\/div>\n\t\t\t\t<\/div>\n\t\t\t\t<div class=\"elementor-element elementor-element-7387d98 elementor-toc--minimized-on-tablet elementor-widget elementor-widget-table-of-contents\" data-id=\"7387d98\" data-element_type=\"widget\" data-e-type=\"widget\" data-settings=\"{&quot;headings_by_tags&quot;:[&quot;h2&quot;,&quot;h3&quot;],&quot;exclude_headings_by_selector&quot;:[],&quot;no_headings_message&quot;:&quot;Aucun titre n\\u2019a \\u00e9t\\u00e9 trouv\\u00e9 sur cette page.&quot;,&quot;marker_view&quot;:&quot;numbers&quot;,&quot;minimize_box&quot;:&quot;yes&quot;,&quot;minimized_on&quot;:&quot;tablet&quot;,&quot;hierarchical_view&quot;:&quot;yes&quot;,&quot;min_height&quot;:{&quot;unit&quot;:&quot;px&quot;,&quot;size&quot;:&quot;&quot;,&quot;sizes&quot;:[]},&quot;min_height_tablet&quot;:{&quot;unit&quot;:&quot;px&quot;,&quot;size&quot;:&quot;&quot;,&quot;sizes&quot;:[]},&quot;min_height_mobile&quot;:{&quot;unit&quot;:&quot;px&quot;,&quot;size&quot;:&quot;&quot;,&quot;sizes&quot;:[]}}\" data-widget_type=\"table-of-contents.default\">\n\t\t\t\t<div class=\"elementor-widget-container\">\n\t\t\t\t\t\t\t\t\t<div class=\"elementor-toc__header\">\n\t\t\t\t\t\t<div class=\"elementor-toc__header-title\">\n\t\t\t\tSommaire de l'article\t\t\t<\/div>\n\t\t\t\t\t\t\t\t\t\t<div class=\"elementor-toc__toggle-button elementor-toc__toggle-button--expand\" role=\"button\" tabindex=\"0\" aria-controls=\"elementor-toc__7387d98\" aria-expanded=\"true\" aria-label=\"Ouvrir la table des mati\u00e8res\"><svg aria-hidden=\"true\" class=\"e-font-icon-svg e-fas-chevron-down\" viewBox=\"0 0 448 512\" xmlns=\"http:\/\/www.w3.org\/2000\/svg\"><path d=\"M207.029 381.476L12.686 187.132c-9.373-9.373-9.373-24.569 0-33.941l22.667-22.667c9.357-9.357 24.522-9.375 33.901-.04L224 284.505l154.745-154.021c9.379-9.335 24.544-9.317 33.901.04l22.667 22.667c9.373 9.373 9.373 24.569 0 33.941L240.971 381.476c-9.373 9.372-24.569 9.372-33.942 0z\"><\/path><\/svg><\/div>\n\t\t\t\t<div class=\"elementor-toc__toggle-button elementor-toc__toggle-button--collapse\" role=\"button\" tabindex=\"0\" aria-controls=\"elementor-toc__7387d98\" aria-expanded=\"true\" aria-label=\"Fermer la table des mati\u00e8res\"><svg aria-hidden=\"true\" class=\"e-font-icon-svg e-fas-chevron-up\" viewBox=\"0 0 448 512\" xmlns=\"http:\/\/www.w3.org\/2000\/svg\"><path d=\"M240.971 130.524l194.343 194.343c9.373 9.373 9.373 24.569 0 33.941l-22.667 22.667c-9.357 9.357-24.522 9.375-33.901.04L224 227.495 69.255 381.516c-9.379 9.335-24.544 9.317-33.901-.04l-22.667-22.667c-9.373-9.373-9.373-24.569 0-33.941L207.03 130.525c9.372-9.373 24.568-9.373 33.941-.001z\"><\/path><\/svg><\/div>\n\t\t\t\t\t<\/div>\n\t\t\t\t<div id=\"elementor-toc__7387d98\" class=\"elementor-toc__body\">\n\t\t\t<div class=\"elementor-toc__spinner-container\">\n\t\t\t\t<svg class=\"elementor-toc__spinner eicon-animation-spin e-font-icon-svg e-eicon-loading\" aria-hidden=\"true\" viewBox=\"0 0 1000 1000\" xmlns=\"http:\/\/www.w3.org\/2000\/svg\"><path d=\"M500 975V858C696 858 858 696 858 500S696 142 500 142 142 304 142 500H25C25 237 238 25 500 25S975 237 975 500 763 975 500 975Z\"><\/path><\/svg>\t\t\t<\/div>\n\t\t<\/div>\n\t\t\t\t\t\t<\/div>\n\t\t\t\t<\/div>\n\t\t\t\t<div class=\"elementor-element elementor-element-d8faf16 elementor-widget elementor-widget-heading\" data-id=\"d8faf16\" data-element_type=\"widget\" data-e-type=\"widget\" data-widget_type=\"heading.default\">\n\t\t\t\t<div class=\"elementor-widget-container\">\n\t\t\t\t\t<h2 class=\"elementor-heading-title elementor-size-default\">Un plan de formation pour am\u00e9liorer la comp\u00e9titivit\u00e9 de votre entreprise<\/h2>\t\t\t\t<\/div>\n\t\t\t\t<\/div>\n\t\t\t\t<div class=\"elementor-element elementor-element-22105e8 elementor-widget elementor-widget-text-editor\" data-id=\"22105e8\" data-element_type=\"widget\" data-e-type=\"widget\" data-widget_type=\"text-editor.default\">\n\t\t\t\t<div class=\"elementor-widget-container\">\n\t\t\t\t\t\t\t\t\t<p><span style=\"font-weight: 400;\"><a href=\"https:\/\/www.lucca.fr\/magazine\/talents\/competences-carrieres\/gestion-de-la-formation\" target=\"_blank\" rel=\"noopener\">Les entreprises engag\u00e9es dans la formation<\/a> continue de leurs salari\u00e9s sont plus comp\u00e9titives. Elles peuvent anticiper les \u00e9volutions du march\u00e9 et s\u2019adapter plus facilement \u00e0 de nouveaux modes d\u2019organisation. Mais ce n\u2019est pas le seul avantage&nbsp;:<\/span><\/p>\n<ul>\n<li><b>Les co\u00fbts de recrutement sont moins \u00e9lev\u00e9s.<\/b><span style=\"font-weight: 400;\"> Le remplacement d\u2019un employ\u00e9 peut co\u00fbter l\u2019\u00e9quivalent de 6 \u00e0 9 mois de salaire* ;<\/span><\/li>\n<li><b>Marque employeur am\u00e9lior\u00e9e. <\/b><span style=\"font-weight: 400;\">48&nbsp;% des personnes interrog\u00e9es jugent positivement les entreprises qui offrent des possibilit\u00e9s de formation* ;<br><\/span><span style=\"font-weight: 400;\">*(<em>Society for Human Resource Management<\/em>, 2022).<\/span><\/li>\n<\/ul>\n<p><span style=\"font-weight: 400;\">D\u2019autre part, les salari\u00e9s b\u00e9n\u00e9ficient \u00e9galement de votre investissement dans la formation :<\/span><\/p>\n<ul>\n<li><b>Ils sont plus motiv\u00e9s et plus satisfaits.<\/b><span style=\"font-weight: 400;\"> Lorsque les entreprises se soucient du d\u00e9veloppement professionnel de leurs salari\u00e9s, ces derniers sont plus motiv\u00e9s et engag\u00e9s. Par cons\u00e9quent, cela am\u00e9liore l\u2019environnement de travail de l\u2019ensemble de l\u2019organisation ;<\/span><\/li>\n<li><b>Ils b\u00e9n\u00e9ficient de plus de possibilit\u00e9s d\u2019\u00e9volution.<\/b><span style=\"font-weight: 400;\"> Avec l\u2019acquisition de comp\u00e9tences sp\u00e9cifiques, les salari\u00e9s augmentent leur \u00ab\u2009employabilit\u00e9\u2009\u00bb et leur attractivit\u00e9 ;<\/span><\/li>\n<li><b>Ils sont plus efficaces.<\/b><span style=\"font-weight: 400;\"> Les salari\u00e9s se sentent plus confiants dans l\u2019exercice de leurs fonctions. Avec une incidence b\u00e9n\u00e9fique sur leur efficacit\u00e9 et les performances globales de l\u2019entreprise.<\/span><\/li>\n<\/ul>\t\t\t\t\t\t\t\t<\/div>\n\t\t\t\t<\/div>\n\t\t\t\t<div class=\"elementor-element elementor-element-532c983 elementor-widget elementor-widget-heading\" data-id=\"532c983\" data-element_type=\"widget\" data-e-type=\"widget\" data-widget_type=\"heading.default\">\n\t\t\t\t<div class=\"elementor-widget-container\">\n\t\t\t\t\t<h2 class=\"elementor-heading-title elementor-size-default\">Nos conseils pour \u00e9laborer le plan de formation de votre entreprise<\/h2>\t\t\t\t<\/div>\n\t\t\t\t<\/div>\n\t\t\t\t<div class=\"elementor-element elementor-element-29dd6c7 elementor-widget elementor-widget-heading\" data-id=\"29dd6c7\" data-element_type=\"widget\" data-e-type=\"widget\" data-widget_type=\"heading.default\">\n\t\t\t\t<div class=\"elementor-widget-container\">\n\t\t\t\t\t<h3 class=\"elementor-heading-title elementor-size-default\">Identifiez vos besoins en formation et d\u00e9finissez vos objectifs<\/h3>\t\t\t\t<\/div>\n\t\t\t\t<\/div>\n\t\t\t\t<div class=\"elementor-element elementor-element-678379f elementor-widget elementor-widget-text-editor\" data-id=\"678379f\" data-element_type=\"widget\" data-e-type=\"widget\" data-widget_type=\"text-editor.default\">\n\t\t\t\t<div class=\"elementor-widget-container\">\n\t\t\t\t\t\t\t\t\t<p><span style=\"font-weight: 400;\">Au pr\u00e9alable, nous vous recommandons d\u2019analyser si les comp\u00e9tences, aptitudes et connaissances de vos salari\u00e9s sont en ad\u00e9quation avec leurs fiches de poste et les enjeux de l\u2019entreprise. Cette \u00e9tape vous permettra de d\u00e9terminer le type de formation \u00e0 dispenser\u00a0:<\/span><\/p><ul><li><b>Les formations obligatoires\u00a0:<\/b><span style=\"font-weight: 400;\"> formation \u00e0 la pr\u00e9vention des risques professionnels, par exemple ;<\/span><\/li><li><b>Les formations n\u00e9cessaires \u00e0 l\u2019exercice d\u2019un m\u00e9tier et de son \u00e9volution\u00a0:<\/b><span style=\"font-weight: 400;\"> formation \u00e0 la num\u00e9risation des fonctions marketing, etc ;<\/span><\/li><li><b>Les formations pour atteindre les objectifs strat\u00e9giques de l\u2019entreprise. <\/b><span style=\"font-weight: 400;\">Si l\u2019un des objectifs de votre entreprise est d\u2019augmenter les ventes annuelles de 10 %, par exemple, vous pouvez inclure dans votre plan de formation l\u2019apprentissage de nouvelles techniques de vente ;<\/span><\/li><li><b>Des formations pour r\u00e9pondre aux besoins du personnel identifi\u00e9s par les managers.\u00a0<\/b><\/li><\/ul><p>\u00a0<\/p><p><span style=\"font-weight: 400;\">Nous vous sugg\u00e9rons ensuite de d\u00e9finir des indicateurs de performance. Il convient de prendre en compte\u00a0:\u00a0<\/span><\/p><ul><li style=\"font-weight: 400;\" aria-level=\"1\"><span style=\"font-weight: 400;\">les services ou les salari\u00e9s qui ont besoin d\u2019une formation\u2009;<\/span><\/li><li style=\"font-weight: 400;\" aria-level=\"1\"><span style=\"font-weight: 400;\">le comportement professionnel que la formation doit permettre d\u2019atteindre\u2009;<\/span><\/li><li style=\"font-weight: 400;\" aria-level=\"1\"><span style=\"font-weight: 400;\">les comp\u00e9tences \u00e0 d\u00e9velopper par les employ\u00e9s pour atteindre le comportement professionnel souhait\u00e9\u2009;<\/span><\/li><li style=\"font-weight: 400;\" aria-level=\"1\"><span style=\"font-weight: 400;\">les avantages que l\u2019entreprise et les employ\u00e9s tireront de l\u2019acquisition de nouvelles comp\u00e9tences. <\/span><\/li><\/ul>\t\t\t\t\t\t\t\t<\/div>\n\t\t\t\t<\/div>\n\t\t\t\t\t<\/div>\n\t\t<\/div>\n\t\t\t\t\t<\/div>\n\t\t<\/section>\n\t\t<div class=\"elementor-element elementor-element-17db72b5 cta-img e-flex e-con-boxed e-con e-parent\" data-id=\"17db72b5\" data-element_type=\"container\" data-e-type=\"container\" data-settings=\"{&quot;background_background&quot;:&quot;classic&quot;}\">\n\t\t\t\t\t<div class=\"e-con-inner\">\n\t\t<div class=\"elementor-element elementor-element-74aa75b7 e-flex e-con-boxed e-con e-child\" data-id=\"74aa75b7\" data-element_type=\"container\" data-e-type=\"container\">\n\t\t\t\t\t<div class=\"e-con-inner\">\n\t\t\t\t<div class=\"elementor-element elementor-element-574aef22 elementor-widget elementor-widget-heading\" data-id=\"574aef22\" data-element_type=\"widget\" data-e-type=\"widget\" data-widget_type=\"heading.default\">\n\t\t\t\t<div class=\"elementor-widget-container\">\n\t\t\t\t\t<p class=\"elementor-heading-title elementor-size-default\">Guide pratique : financez votre plan de formation \u00e0 moindre co\u00fbt<\/p>\t\t\t\t<\/div>\n\t\t\t\t<\/div>\n\t\t\t\t<div class=\"elementor-element elementor-element-1c4213 elementor-widget elementor-widget-text-editor\" data-id=\"1c4213\" data-element_type=\"widget\" data-e-type=\"widget\" data-widget_type=\"text-editor.default\">\n\t\t\t\t<div class=\"elementor-widget-container\">\n\t\t\t\t\t\t\t\t\t<p data-start=\"138\" data-end=\"259\">D\u00e9couvrez les dispositifs et acteurs cl\u00e9s pour optimiser le financement de la formation continue de vos collaborateurs.<\/p>\t\t\t\t\t\t\t\t<\/div>\n\t\t\t\t<\/div>\n\t\t\t\t<div class=\"elementor-element elementor-element-f924c21 elementor-widget elementor-widget-button\" data-id=\"f924c21\" data-element_type=\"widget\" data-e-type=\"widget\" data-widget_type=\"button.default\">\n\t\t\t\t<div class=\"elementor-widget-container\">\n\t\t\t\t\t\t\t\t\t<div class=\"elementor-button-wrapper\">\n\t\t\t\t\t<a class=\"elementor-button elementor-button-link elementor-size-sm\" href=\"https:\/\/info.lucca.fr\/l\/950782\/2024-04-17\/5xz47b\" target=\"_blank\" rel=\"nofollow\">\n\t\t\t\t\t\t<span class=\"elementor-button-content-wrapper\">\n\t\t\t\t\t\t\t\t\t<span class=\"elementor-button-text\">Consulter le guide<\/span>\n\t\t\t\t\t<\/span>\n\t\t\t\t\t<\/a>\n\t\t\t\t<\/div>\n\t\t\t\t\t\t\t\t<\/div>\n\t\t\t\t<\/div>\n\t\t\t\t\t<\/div>\n\t\t\t\t<\/div>\n\t\t\t\t\t<\/div>\n\t\t\t\t<\/div>\n\t\t<div class=\"elementor-element elementor-element-848fa08 e-flex e-con-boxed e-con e-parent\" data-id=\"848fa08\" data-element_type=\"container\" data-e-type=\"container\">\n\t\t\t\t\t<div class=\"e-con-inner\">\n\t\t\t\t<div class=\"elementor-element elementor-element-8cf5e87 elementor-widget elementor-widget-spacer\" data-id=\"8cf5e87\" data-element_type=\"widget\" data-e-type=\"widget\" data-widget_type=\"spacer.default\">\n\t\t\t\t<div class=\"elementor-widget-container\">\n\t\t\t\t\t\t\t<div class=\"elementor-spacer\">\n\t\t\t<div class=\"elementor-spacer-inner\"><\/div>\n\t\t<\/div>\n\t\t\t\t\t\t<\/div>\n\t\t\t\t<\/div>\n\t\t\t\t<div class=\"elementor-element elementor-element-75fcfeb elementor-widget elementor-widget-heading\" data-id=\"75fcfeb\" data-element_type=\"widget\" data-e-type=\"widget\" data-widget_type=\"heading.default\">\n\t\t\t\t<div class=\"elementor-widget-container\">\n\t\t\t\t\t<h3 class=\"elementor-heading-title elementor-size-default\">D\u00e9terminez les ressources n\u00e9cessaires \u00e0 la conception du plan de formation<\/h3>\t\t\t\t<\/div>\n\t\t\t\t<\/div>\n\t\t\t\t<div class=\"elementor-element elementor-element-faa7ae2 elementor-widget elementor-widget-text-editor\" data-id=\"faa7ae2\" data-element_type=\"widget\" data-e-type=\"widget\" data-widget_type=\"text-editor.default\">\n\t\t\t\t<div class=\"elementor-widget-container\">\n\t\t\t\t\t\t\t\t\t<p><span style=\"font-weight: 400;\">Pour <a href=\"https:\/\/www.lucca.fr\/magazine\/talents\/competences-carrieres\/pourquoi-plan-de-formation\" target=\"_blank\" rel=\"noopener\">mettre en \u0153uvre le plan de formation<\/a> <em>(lire aussi :<\/em> 5 conseils pour <\/span><a href=\"https:\/\/www.lucca.fr\/magazine\/talents\/competences-carrieres\/optimiser-plan-de-formation\" target=\"_blank\" rel=\"noopener\"><span style=\"font-weight: 400;\">optimiser le plan de formation<\/span><\/a><span style=\"font-weight: 400;\">) , vous mobiliserez diff\u00e9rentes ressources\u00a0: humaines, logistiques et financi\u00e8res.<\/span><\/p>\t\t\t\t\t\t\t\t<\/div>\n\t\t\t\t<\/div>\n\t\t\t\t<div class=\"elementor-element elementor-element-3963bf5 elementor-widget elementor-widget-heading\" data-id=\"3963bf5\" data-element_type=\"widget\" data-e-type=\"widget\" data-widget_type=\"heading.default\">\n\t\t\t\t<div class=\"elementor-widget-container\">\n\t\t\t\t\t<h4 class=\"elementor-heading-title elementor-size-default\">Ressources humaines<\/h4>\t\t\t\t<\/div>\n\t\t\t\t<\/div>\n\t\t\t\t<div class=\"elementor-element elementor-element-cdf6869 elementor-widget elementor-widget-text-editor\" data-id=\"cdf6869\" data-element_type=\"widget\" data-e-type=\"widget\" data-widget_type=\"text-editor.default\">\n\t\t\t\t<div class=\"elementor-widget-container\">\n\t\t\t\t\t\t\t\t\t<p><span style=\"font-weight: 400;\">Deux options s\u2019offrent \u00e0 vous\u00a0:\u00a0\u00a0<\/span><\/p><ul><li><span style=\"font-weight: 400;\">Les <\/span><b>formateurs internes. <\/b><span style=\"font-weight: 400;\">Ce sont des sp\u00e9cialistes dans leur m\u00e9tier. Ils ont une exp\u00e9rience pratique et une connaissance de la mati\u00e8re \u00e0 enseigner. Leur co\u00fbt est moindre. Cependant, ils manquent souvent de comp\u00e9tences p\u00e9dagogiques et peuvent \u00eatre r\u00e9ticents \u00e0 former leurs propres coll\u00e8gues ;<\/span><\/li><li><span style=\"font-weight: 400;\">Les <\/span><b>formateurs externes<\/b><span style=\"font-weight: 400;\"> sont des experts du champ d\u2019apprentissage vis\u00e9. Ils poss\u00e8dent les comp\u00e9tences techniques et p\u00e9dagogiques n\u00e9cessaires. En revanche, ils co\u00fbtent plus cher.<\/span><\/li><\/ul><p>\u00a0<\/p><p><span style=\"font-weight: 400;\">Au moment de prendre une d\u00e9cision, il convient de peser les avantages et les inconv\u00e9nients de chaque option en fonction des besoins et des moyens de l\u2019entreprise.<\/span><\/p>\t\t\t\t\t\t\t\t<\/div>\n\t\t\t\t<\/div>\n\t\t\t\t<div class=\"elementor-element elementor-element-cde6c0b elementor-widget elementor-widget-heading\" data-id=\"cde6c0b\" data-element_type=\"widget\" data-e-type=\"widget\" data-widget_type=\"heading.default\">\n\t\t\t\t<div class=\"elementor-widget-container\">\n\t\t\t\t\t<h4 class=\"elementor-heading-title elementor-size-default\">Ressources logistiques<\/h4>\t\t\t\t<\/div>\n\t\t\t\t<\/div>\n\t\t\t\t<div class=\"elementor-element elementor-element-6594871 elementor-widget elementor-widget-text-editor\" data-id=\"6594871\" data-element_type=\"widget\" data-e-type=\"widget\" data-widget_type=\"text-editor.default\">\n\t\t\t\t<div class=\"elementor-widget-container\">\n\t\t\t\t\t\t\t\t\t<p><span style=\"font-weight: 400;\">Pensez \u00e0 toutes les ressources mat\u00e9rielles n\u00e9cessaires pour dispenser la formation. D\u00e9cidez dans quel(s) endroit(s) la formation aura lieu. D\u00e9terminez les outils et le mat\u00e9riel p\u00e9dagogique \u00e0 mettre \u00e0 disposition. V\u00e9rifiez si ces \u00e9quipements sont disponibles en interne ou s\u2019ils doivent \u00eatre lou\u00e9s.<\/span><\/p>\t\t\t\t\t\t\t\t<\/div>\n\t\t\t\t<\/div>\n\t\t\t\t<div class=\"elementor-element elementor-element-38f1cd2 elementor-widget elementor-widget-heading\" data-id=\"38f1cd2\" data-element_type=\"widget\" data-e-type=\"widget\" data-widget_type=\"heading.default\">\n\t\t\t\t<div class=\"elementor-widget-container\">\n\t\t\t\t\t<h4 class=\"elementor-heading-title elementor-size-default\">Ressources financi\u00e8res<\/h4>\t\t\t\t<\/div>\n\t\t\t\t<\/div>\n\t\t\t\t<div class=\"elementor-element elementor-element-84d6ac7 elementor-widget elementor-widget-text-editor\" data-id=\"84d6ac7\" data-element_type=\"widget\" data-e-type=\"widget\" data-widget_type=\"text-editor.default\">\n\t\t\t\t<div class=\"elementor-widget-container\">\n\t\t\t\t\t\t\t\t\t<p><span style=\"font-weight: 400;\">Analysez tous les co\u00fbts de la formation, \u00e9tablissez un budget et assurez-vous que l\u2019organisation peut se le permettre. Voici quelques-uns des co\u00fbts \u00e0 prendre en consid\u00e9ration\u00a0:<\/span><\/p><ul><li style=\"font-weight: 400;\" aria-level=\"1\"><span style=\"font-weight: 400;\">les salaires des formateurs ;<\/span><\/li><li style=\"font-weight: 400;\" aria-level=\"1\"><span style=\"font-weight: 400;\">les co\u00fbts de l\u2019\u00e9quipement et du mat\u00e9riel de formation\u2009;<\/span><\/li><li style=\"font-weight: 400;\" aria-level=\"1\"><span style=\"font-weight: 400;\">les co\u00fbts d&rsquo;outillage ou de location (plateformes technologiques, salles de classe, etc.)\u2009;<\/span><\/li><li style=\"font-weight: 400;\" aria-level=\"1\"><span style=\"font-weight: 400;\">les frais d\u2019assurance.<\/span><\/li><\/ul><p><span style=\"font-weight: 400;\">N\u2019oubliez pas de prendre en consid\u00e9ration les diff\u00e9rentes aides dont disposent les entreprises pour faire face aux co\u00fbts de formation, telles que les subventions, les accords avec des centres de formation agr\u00e9\u00e9s, etc.<\/span><\/p>\t\t\t\t\t\t\t\t<\/div>\n\t\t\t\t<\/div>\n\t\t\t\t<div class=\"elementor-element elementor-element-eb3076b elementor-widget elementor-widget-heading\" data-id=\"eb3076b\" data-element_type=\"widget\" data-e-type=\"widget\" data-widget_type=\"heading.default\">\n\t\t\t\t<div class=\"elementor-widget-container\">\n\t\t\t\t\t<h3 class=\"elementor-heading-title elementor-size-default\">\u00c9tablissez vos priorit\u00e9s en mati\u00e8re de formation<\/h3>\t\t\t\t<\/div>\n\t\t\t\t<\/div>\n\t\t\t\t<div class=\"elementor-element elementor-element-d798fb2 elementor-widget elementor-widget-text-editor\" data-id=\"d798fb2\" data-element_type=\"widget\" data-e-type=\"widget\" data-widget_type=\"text-editor.default\">\n\t\t\t\t<div class=\"elementor-widget-container\">\n\t\t\t\t\t\t\t\t\t<p><span style=\"font-weight: 400;\">Les moyens financiers ne sont jamais illimit\u00e9s. Aussi, il semble peu probable que vous puissiez allouer un budget suffisant pour r\u00e9pondre \u00e0 tous les besoins de formation identifi\u00e9s en m\u00eame temps. Il est donc essentiel de hi\u00e9rarchiser les besoins de formation en fonction de diff\u00e9rents crit\u00e8res\u00a0:<\/span><\/p><ul><li style=\"font-weight: 400;\" aria-level=\"1\"><span style=\"font-weight: 400;\">La contribution de la formation \u00e0 la r\u00e9alisation des objectifs de l\u2019entreprise\u2009;<\/span><\/li><li style=\"font-weight: 400;\" aria-level=\"1\"><span style=\"font-weight: 400;\">Le type de formation (celles qui sont obligatoires en vertu de la loi seront plus prioritaires que les autres)\u2009;<\/span><\/li><li style=\"font-weight: 400;\" aria-level=\"1\"><span style=\"font-weight: 400;\">Le nombre de salari\u00e9s concern\u00e9s et l\u2019impact de cette formation sur l\u2019organisation.<\/span><\/li><\/ul><p>\u00a0<\/p><p><span style=\"font-weight: 400;\">La hi\u00e9rarchisation des formations\u00a0 permet de s\u2019assurer que les efforts se concentrent sur les domaines les plus b\u00e9n\u00e9fiques. Ce plan peut \u00eatre organis\u00e9 sur une base annuelle, voire pluriannuelle, en fonction de vos besoins et des ressources disponibles.<\/span><\/p>\t\t\t\t\t\t\t\t<\/div>\n\t\t\t\t<\/div>\n\t\t\t\t\t<\/div>\n\t\t\t\t<\/div>\n\t\t<div class=\"elementor-element elementor-element-63e40d32 cta-img e-flex e-con-boxed e-con e-parent\" data-id=\"63e40d32\" data-element_type=\"container\" data-e-type=\"container\" data-settings=\"{&quot;background_background&quot;:&quot;classic&quot;}\">\n\t\t\t\t\t<div class=\"e-con-inner\">\n\t\t<div class=\"elementor-element elementor-element-198f9bf8 e-flex e-con-boxed e-con e-child\" data-id=\"198f9bf8\" data-element_type=\"container\" data-e-type=\"container\">\n\t\t\t\t\t<div class=\"e-con-inner\">\n\t\t\t\t<div class=\"elementor-element elementor-element-467d6a1c elementor-widget elementor-widget-heading\" data-id=\"467d6a1c\" data-element_type=\"widget\" data-e-type=\"widget\" data-widget_type=\"heading.default\">\n\t\t\t\t<div class=\"elementor-widget-container\">\n\t\t\t\t\t<p class=\"elementor-heading-title elementor-size-default\">Avec Lucca Formation, g\u00e9rez les demandes de formation de vos collaborateurs et pilotez votre plan de d\u00e9veloppement des comp\u00e9tences :<\/p>\t\t\t\t<\/div>\n\t\t\t\t<\/div>\n\t\t\t\t<div class=\"elementor-element elementor-element-55a3a086 elementor-widget elementor-widget-text-editor\" data-id=\"55a3a086\" data-element_type=\"widget\" data-e-type=\"widget\" data-widget_type=\"text-editor.default\">\n\t\t\t\t<div class=\"elementor-widget-container\">\n\t\t\t\t\t\t\t\t\t<ul><li>cr\u00e9ez un catalogue de formations adapt\u00e9 \u00e0 vos besoins ;<\/li><li>planifiez les sessions et g\u00e9rez les inscriptions en toute simplicit\u00e9 ;<\/li><li>suivez en temps r\u00e9el votre budget et l\u2019avancement du plan de formation.<\/li><\/ul>\t\t\t\t\t\t\t\t<\/div>\n\t\t\t\t<\/div>\n\t\t\t\t<div class=\"elementor-element elementor-element-6807b8c6 elementor-widget elementor-widget-button\" data-id=\"6807b8c6\" data-element_type=\"widget\" data-e-type=\"widget\" data-widget_type=\"button.default\">\n\t\t\t\t<div class=\"elementor-widget-container\">\n\t\t\t\t\t\t\t\t\t<div class=\"elementor-button-wrapper\">\n\t\t\t\t\t<a class=\"elementor-button elementor-button-link elementor-size-sm\" href=\"https:\/\/info.lucca.fr\/l\/950782\/2025-06-26\/5zj4h5\" target=\"_blank\" rel=\"nofollow\">\n\t\t\t\t\t\t<span class=\"elementor-button-content-wrapper\">\n\t\t\t\t\t\t\t\t\t<span class=\"elementor-button-text\">Tester la solution<\/span>\n\t\t\t\t\t<\/span>\n\t\t\t\t\t<\/a>\n\t\t\t\t<\/div>\n\t\t\t\t\t\t\t\t<\/div>\n\t\t\t\t<\/div>\n\t\t\t\t\t<\/div>\n\t\t\t\t<\/div>\n\t\t\t\t\t<\/div>\n\t\t\t\t<\/div>\n\t\t\t\t<\/div>\n\t\t","protected":false},"excerpt":{"rendered":"<p>Selon le barom\u00e8tre de la formation professionnelle Lefebvre-Dalloz 2023, 86 % des actifs en emploi se sentent concern\u00e9s par leur formation continue. Leur attente principale\u2009? Exercer le mieux possible leur m\u00e9tier. Du c\u00f4t\u00e9 des entreprises,&#8230;<\/p>\n","protected":false},"author":17,"featured_media":31480,"comment_status":"closed","ping_status":"closed","sticky":false,"template":"","format":"standard","meta":{"inline_featured_image":false,"footnotes":""},"categories":[156],"tags":[],"post_folder":[],"class_list":["post-16641","post","type-post","status-publish","format-standard","has-post-thumbnail","hentry","category-competences-carrieres"],"_links":{"self":[{"href":"https:\/\/www.lucca.fr\/magazine\/wp-json\/wp\/v2\/posts\/16641","targetHints":{"allow":["GET"]}}],"collection":[{"href":"https:\/\/www.lucca.fr\/magazine\/wp-json\/wp\/v2\/posts"}],"about":[{"href":"https:\/\/www.lucca.fr\/magazine\/wp-json\/wp\/v2\/types\/post"}],"author":[{"embeddable":true,"href":"https:\/\/www.lucca.fr\/magazine\/wp-json\/wp\/v2\/users\/17"}],"replies":[{"embeddable":true,"href":"https:\/\/www.lucca.fr\/magazine\/wp-json\/wp\/v2\/comments?post=16641"}],"version-history":[{"count":4,"href":"https:\/\/www.lucca.fr\/magazine\/wp-json\/wp\/v2\/posts\/16641\/revisions"}],"predecessor-version":[{"id":33824,"href":"https:\/\/www.lucca.fr\/magazine\/wp-json\/wp\/v2\/posts\/16641\/revisions\/33824"}],"wp:featuredmedia":[{"embeddable":true,"href":"https:\/\/www.lucca.fr\/magazine\/wp-json\/wp\/v2\/media\/31480"}],"wp:attachment":[{"href":"https:\/\/www.lucca.fr\/magazine\/wp-json\/wp\/v2\/media?parent=16641"}],"wp:term":[{"taxonomy":"category","embeddable":true,"href":"https:\/\/www.lucca.fr\/magazine\/wp-json\/wp\/v2\/categories?post=16641"},{"taxonomy":"post_tag","embeddable":true,"href":"https:\/\/www.lucca.fr\/magazine\/wp-json\/wp\/v2\/tags?post=16641"},{"taxonomy":"post_folder","embeddable":true,"href":"https:\/\/www.lucca.fr\/magazine\/wp-json\/wp\/v2\/post_folder?post=16641"}],"curies":[{"name":"wp","href":"https:\/\/api.w.org\/{rel}","templated":true}]}}