{"id":27059,"date":"2025-01-14T15:53:59","date_gmt":"2025-01-14T14:53:59","guid":{"rendered":"https:\/\/www.lucca.fr\/magazine\/?p=27059"},"modified":"2026-02-18T14:10:35","modified_gmt":"2026-02-18T13:10:35","slug":"evaluer-competences-salaries","status":"publish","type":"post","link":"https:\/\/www.lucca.fr\/magazine\/talents\/competences-carrieres\/evaluer-competences-salaries","title":{"rendered":"Comment \u00e9valuer les comp\u00e9tences des salari\u00e9s ?"},"content":{"rendered":"\t\t<div data-elementor-type=\"wp-post\" data-elementor-id=\"27059\" class=\"elementor elementor-27059\" data-elementor-post-type=\"post\">\n\t\t\t\t<div class=\"elementor-element elementor-element-c2b50d3 e-flex e-con-boxed e-con e-parent\" data-id=\"c2b50d3\" data-element_type=\"container\" data-e-type=\"container\">\n\t\t\t\t\t<div class=\"e-con-inner\">\n\t\t\t\t<div class=\"elementor-element elementor-element-55e6b30 elementor-widget elementor-widget-text-editor\" data-id=\"55e6b30\" data-element_type=\"widget\" data-e-type=\"widget\" data-widget_type=\"text-editor.default\">\n\t\t\t\t<div class=\"elementor-widget-container\">\n\t\t\t\t\t\t\t\t\t<p><span style=\"font-weight: 400;\">Aujourd\u2019hui, les entreprises font face \u00e0 de nombreux d\u00e9fis : mutations technologiques, exigences accrues des clients, ou encore besoin d&rsquo;agilit\u00e9 organisationnelle. Mais comment peuvent-elles <\/span><b>rester comp\u00e9titives<\/b><span style=\"font-weight: 400;\"> tout en r\u00e9pondant \u00e0 ces enjeux ? En \u00e9valuant les comp\u00e9tences de leurs salari\u00e9s par exemple.\u00a0<\/span><\/p><p><span style=\"font-weight: 400;\">Ce processus ne se limite pas \u00e0 mesurer les aptitudes, mais s\u2019inscrit au c\u0153ur de la strat\u00e9gie de <\/span><a href=\"https:\/\/www.lucca.fr\/magazine\/talents\/competences-carrieres\/gestion-des-competences\"><span style=\"font-weight: 400;\">gestion des comp\u00e9tences<\/span><\/a><span style=\"font-weight: 400;\"> de l\u2019entreprise pour identifier les forces, combler les lacunes et aligner les talents sur des objectifs clairs. Alors, <\/span><b>comment \u00e9valuer efficacement les comp\u00e9tences des collaborateurs<\/b><span style=\"font-weight: 400;\"> pour assurer \u00e0 la fois leur d\u00e9veloppement personnel et la r\u00e9ussite de l\u2019entreprise ? Lucca vous dit tout.<\/span><\/p>\t\t\t\t\t\t\t\t<\/div>\n\t\t\t\t<\/div>\n\t\t\t\t<div class=\"elementor-element elementor-element-79868d4 elementor-toc--minimized-on-tablet elementor-widget elementor-widget-table-of-contents\" data-id=\"79868d4\" data-element_type=\"widget\" data-e-type=\"widget\" data-settings=\"{&quot;exclude_headings_by_selector&quot;:[],&quot;no_headings_message&quot;:&quot;Aucun titre n\\u2019a \\u00e9t\\u00e9 trouv\\u00e9 sur cette page.&quot;,&quot;headings_by_tags&quot;:[&quot;h2&quot;,&quot;h3&quot;,&quot;h4&quot;,&quot;h5&quot;,&quot;h6&quot;],&quot;marker_view&quot;:&quot;numbers&quot;,&quot;minimize_box&quot;:&quot;yes&quot;,&quot;minimized_on&quot;:&quot;tablet&quot;,&quot;hierarchical_view&quot;:&quot;yes&quot;,&quot;min_height&quot;:{&quot;unit&quot;:&quot;px&quot;,&quot;size&quot;:&quot;&quot;,&quot;sizes&quot;:[]},&quot;min_height_tablet&quot;:{&quot;unit&quot;:&quot;px&quot;,&quot;size&quot;:&quot;&quot;,&quot;sizes&quot;:[]},&quot;min_height_mobile&quot;:{&quot;unit&quot;:&quot;px&quot;,&quot;size&quot;:&quot;&quot;,&quot;sizes&quot;:[]}}\" data-widget_type=\"table-of-contents.default\">\n\t\t\t\t<div class=\"elementor-widget-container\">\n\t\t\t\t\t\t\t\t\t<div class=\"elementor-toc__header\">\n\t\t\t\t\t\t<div class=\"elementor-toc__header-title\">\n\t\t\t\tSommaire\t\t\t<\/div>\n\t\t\t\t\t\t\t\t\t\t<div class=\"elementor-toc__toggle-button elementor-toc__toggle-button--expand\" role=\"button\" tabindex=\"0\" aria-controls=\"elementor-toc__79868d4\" aria-expanded=\"true\" aria-label=\"Ouvrir la table des mati\u00e8res\"><svg aria-hidden=\"true\" class=\"e-font-icon-svg e-fas-chevron-down\" viewBox=\"0 0 448 512\" xmlns=\"http:\/\/www.w3.org\/2000\/svg\"><path d=\"M207.029 381.476L12.686 187.132c-9.373-9.373-9.373-24.569 0-33.941l22.667-22.667c9.357-9.357 24.522-9.375 33.901-.04L224 284.505l154.745-154.021c9.379-9.335 24.544-9.317 33.901.04l22.667 22.667c9.373 9.373 9.373 24.569 0 33.941L240.971 381.476c-9.373 9.372-24.569 9.372-33.942 0z\"><\/path><\/svg><\/div>\n\t\t\t\t<div class=\"elementor-toc__toggle-button elementor-toc__toggle-button--collapse\" role=\"button\" tabindex=\"0\" aria-controls=\"elementor-toc__79868d4\" aria-expanded=\"true\" aria-label=\"Fermer la table des mati\u00e8res\"><svg aria-hidden=\"true\" class=\"e-font-icon-svg e-fas-chevron-up\" viewBox=\"0 0 448 512\" xmlns=\"http:\/\/www.w3.org\/2000\/svg\"><path d=\"M240.971 130.524l194.343 194.343c9.373 9.373 9.373 24.569 0 33.941l-22.667 22.667c-9.357 9.357-24.522 9.375-33.901.04L224 227.495 69.255 381.516c-9.379 9.335-24.544 9.317-33.901-.04l-22.667-22.667c-9.373-9.373-9.373-24.569 0-33.941L207.03 130.525c9.372-9.373 24.568-9.373 33.941-.001z\"><\/path><\/svg><\/div>\n\t\t\t\t\t<\/div>\n\t\t\t\t<div id=\"elementor-toc__79868d4\" class=\"elementor-toc__body\">\n\t\t\t<div class=\"elementor-toc__spinner-container\">\n\t\t\t\t<svg class=\"elementor-toc__spinner eicon-animation-spin e-font-icon-svg e-eicon-loading\" aria-hidden=\"true\" viewBox=\"0 0 1000 1000\" xmlns=\"http:\/\/www.w3.org\/2000\/svg\"><path d=\"M500 975V858C696 858 858 696 858 500S696 142 500 142 142 304 142 500H25C25 237 238 25 500 25S975 237 975 500 763 975 500 975Z\"><\/path><\/svg>\t\t\t<\/div>\n\t\t<\/div>\n\t\t\t\t\t\t<\/div>\n\t\t\t\t<\/div>\n\t\t\t\t<div class=\"elementor-element elementor-element-b3f4996 elementor-widget elementor-widget-heading\" data-id=\"b3f4996\" data-element_type=\"widget\" data-e-type=\"widget\" data-widget_type=\"heading.default\">\n\t\t\t\t<div class=\"elementor-widget-container\">\n\t\t\t\t\t<h2 class=\"elementor-heading-title elementor-size-default\">Qu'est-ce que l'\u00e9valuation des comp\u00e9tences ?\n<\/h2>\t\t\t\t<\/div>\n\t\t\t\t<\/div>\n\t\t\t\t<div class=\"elementor-element elementor-element-104f6de elementor-widget elementor-widget-text-editor\" data-id=\"104f6de\" data-element_type=\"widget\" data-e-type=\"widget\" data-widget_type=\"text-editor.default\">\n\t\t\t\t<div class=\"elementor-widget-container\">\n\t\t\t\t\t\t\t\t\t<p><span style=\"font-weight: 400;\">L&rsquo;\u00e9valuation des comp\u00e9tences est un processus qui vise \u00e0 mesurer les aptitudes professionnelles, techniques et comportementales des salari\u00e9s <\/span><b>au travers de m\u00e9thodes vari\u00e9es<\/b><span style=\"font-weight: 400;\">, telles que :\u00a0<\/span><\/p><ul><li style=\"font-weight: 400;\" aria-level=\"1\"><span style=\"font-weight: 400;\">des grilles d\u2019\u00e9valuation ;\u00a0<\/span><\/li><li style=\"font-weight: 400;\" aria-level=\"1\"><span style=\"font-weight: 400;\">des entretiens individuels ;\u00a0<\/span><\/li><li style=\"font-weight: 400;\" aria-level=\"1\"><span style=\"font-weight: 400;\">des tests de comp\u00e9tences ;\u00a0<\/span><\/li><li style=\"font-weight: 400;\" aria-level=\"1\"><span style=\"font-weight: 400;\">des \u00e9valuations 360\u00b0.\u00a0<\/span><\/li><\/ul><p><span style=\"font-weight: 400;\">En \u00e9valuant r\u00e9guli\u00e8rement les comp\u00e9tences des employ\u00e9s, l&rsquo;entreprise peut dresser un <\/span><b>bilan pr\u00e9cis des forces et des axes d&rsquo;am\u00e9lioration <\/b><span style=\"font-weight: 400;\">de chacun. \u00c0 partir de ces informations, elle peut ainsi concevoir des parcours de formation adapt\u00e9s pour soutenir le d\u00e9veloppement des talents ou encore identifier des opportunit\u00e9s de mobilit\u00e9 interne pour favoriser l\u2019\u00e9volution professionnelle des collaborateurs. <\/span><\/p>\t\t\t\t\t\t\t\t<\/div>\n\t\t\t\t<\/div>\n\t\t\t\t<div class=\"elementor-element elementor-element-511f21b elementor-widget elementor-widget-heading\" data-id=\"511f21b\" data-element_type=\"widget\" data-e-type=\"widget\" data-widget_type=\"heading.default\">\n\t\t\t\t<div class=\"elementor-widget-container\">\n\t\t\t\t\t<h2 class=\"elementor-heading-title elementor-size-default\">Pourquoi \u00e9valuer les comp\u00e9tences professionnelles des salari\u00e9s ?\n<\/h2>\t\t\t\t<\/div>\n\t\t\t\t<\/div>\n\t\t\t\t<div class=\"elementor-element elementor-element-bfd596c elementor-widget elementor-widget-text-editor\" data-id=\"bfd596c\" data-element_type=\"widget\" data-e-type=\"widget\" data-widget_type=\"text-editor.default\">\n\t\t\t\t<div class=\"elementor-widget-container\">\n\t\t\t\t\t\t\t\t\t<p><span style=\"font-weight: 400;\">L\u2019\u00e9valuation des comp\u00e9tences est un <\/span><b>levier strat\u00e9gique pour la gestion des ressources humaines<\/b><span style=\"font-weight: 400;\">. Elle permet non seulement<a href=\"https:\/\/www.lucca.fr\/magazine\/talents\/competences-carrieres\/identifier-les-competences\"> d\u2019<\/a><\/span><span style=\"font-weight: 400;\">identifier les comp\u00e9tences<\/span><span style=\"font-weight: 400;\"> et les axes d\u2019am\u00e9lioration de chaque collaborateur, mais \u00e9galement de favoriser la mont\u00e9e en comp\u00e9tences et d\u2019am\u00e9liorer la performance globale de l\u2019entreprise.\u00a0<\/span><\/p><p><span style=\"font-weight: 400;\">Voici les principales raisons pour lesquelles l\u2019<\/span><b>\u00e9valuation des comp\u00e9tences est importante<\/b><span style=\"font-weight: 400;\">\u00a0:<\/span><\/p><ul><li style=\"font-weight: 400;\" aria-level=\"1\"><span style=\"font-weight: 400;\">v\u00e9rifier que chaque salari\u00e9 dispose des hard skills et des soft skills n\u00e9cessaires pour contribuer aux objectifs strat\u00e9giques de l\u2019entreprise ;\u00a0<\/span><\/li><li style=\"font-weight: 400;\" aria-level=\"1\"><span style=\"font-weight: 400;\">proposer des formations cibl\u00e9es et adapt\u00e9es aux besoins r\u00e9els des \u00e9quipes ;<\/span><\/li><li style=\"font-weight: 400;\" aria-level=\"1\"><span style=\"font-weight: 400;\">mettre en place des plans de carri\u00e8re et des programmes pour d\u00e9velopper les talents en interne, renforcer leur engagement et leur fid\u00e9lit\u00e9 \u00e0 l\u2019entreprise ;<\/span><\/li><li style=\"font-weight: 400;\" aria-level=\"1\"><span style=\"font-weight: 400;\">mieux suivre les progr\u00e8s des \u00e9quipes et ajuster les attentes en fonction des niveaux de comp\u00e9tence.<\/span><\/li><\/ul>\t\t\t\t\t\t\t\t<\/div>\n\t\t\t\t<\/div>\n\t\t\t\t<div class=\"elementor-element elementor-element-c94957e elementor-widget elementor-widget-heading\" data-id=\"c94957e\" data-element_type=\"widget\" data-e-type=\"widget\" data-widget_type=\"heading.default\">\n\t\t\t\t<div class=\"elementor-widget-container\">\n\t\t\t\t\t<h2 class=\"elementor-heading-title elementor-size-default\">Comment \u00e9valuer les comp\u00e9tences de ses collaborateurs ?\n<\/h2>\t\t\t\t<\/div>\n\t\t\t\t<\/div>\n\t\t\t\t<div class=\"elementor-element elementor-element-884c2a5 elementor-widget elementor-widget-text-editor\" data-id=\"884c2a5\" data-element_type=\"widget\" data-e-type=\"widget\" data-widget_type=\"text-editor.default\">\n\t\t\t\t<div class=\"elementor-widget-container\">\n\t\t\t\t\t\t\t\t\t<p><span style=\"font-weight: 400;\">Plusieurs techniques permettent d\u2019\u00e9valuer les comp\u00e9tences des salari\u00e9s. Les plus couramment utilis\u00e9es sont :\u00a0<\/span><\/p><ul><li style=\"font-weight: 400;\" aria-level=\"1\"><span style=\"font-weight: 400;\">la grille d\u2019\u00e9valuation des comp\u00e9tences<\/span><span style=\"font-weight: 400;\"> ;\u00a0<\/span><\/li><li style=\"font-weight: 400;\" aria-level=\"1\"><span style=\"font-weight: 400;\">l\u2019auto-\u00e9valuation<\/span><span style=\"font-weight: 400;\"> ;\u00a0<\/span><\/li><li style=\"font-weight: 400;\" aria-level=\"1\"><span style=\"font-weight: 400;\">l\u2019\u00e9valuation 360\u00b0<\/span><span style=\"font-weight: 400;\"> ; <\/span><\/li><li style=\"font-weight: 400;\" aria-level=\"1\"><span>l\u2019\u00e9valuation \u00e0 180\u00b0<\/span><span>.<\/span><\/li><\/ul>\t\t\t\t\t\t\t\t<\/div>\n\t\t\t\t<\/div>\n\t\t\t\t<div class=\"elementor-element elementor-element-fe94a5b elementor-widget elementor-widget-heading\" data-id=\"fe94a5b\" data-element_type=\"widget\" data-e-type=\"widget\" data-widget_type=\"heading.default\">\n\t\t\t\t<div class=\"elementor-widget-container\">\n\t\t\t\t\t<h3 class=\"elementor-heading-title elementor-size-default\">La grille d'\u00e9valuation des comp\u00e9tences\n<\/h3>\t\t\t\t<\/div>\n\t\t\t\t<\/div>\n\t\t\t\t<div class=\"elementor-element elementor-element-c889c40 elementor-widget elementor-widget-text-editor\" data-id=\"c889c40\" data-element_type=\"widget\" data-e-type=\"widget\" data-widget_type=\"text-editor.default\">\n\t\t\t\t<div class=\"elementor-widget-container\">\n\t\t\t\t\t\t\t\t\t<p><span style=\"font-weight: 400;\">La grille d&rsquo;\u00e9valuation des comp\u00e9tences est un outil qui permet d&rsquo;\u00e9valuer les aptitudes d&rsquo;un salari\u00e9 en fonction de <\/span><b>crit\u00e8res objectifs et pr\u00e9cis<\/b><span style=\"font-weight: 400;\">. Souvent r\u00e9alis\u00e9 sous forme de tableau, ce document liste les comp\u00e9tences attendues pour un poste donn\u00e9 et d\u00e9finit des niveaux de ma\u00eetrise pour chacune.\u00a0<\/span><\/p><p>\u00a0<\/p><p><span style=\"font-weight: 400;\">La grille peut <\/span><b>\u00eatre personnalis\u00e9e<\/b><span style=\"font-weight: 400;\"> en fonction des besoins de l\u2019entreprise, des sp\u00e9cificit\u00e9s du poste, et des objectifs de d\u00e9veloppement du collaborateur.<\/span><\/p><table><tbody><tr><td><p><b>Les avantages de la grille d\u2019\u00e9valuation<\/b><\/p><\/td><td><p><b>Les limites de la grille d\u2019\u00e9valuation<\/b><\/p><\/td><\/tr><tr><td><ul><li style=\"font-weight: 400;\" aria-level=\"1\"><span style=\"font-weight: 400;\">La grille permet une \u00e9valuation standardis\u00e9e entre les salari\u00e9s, facilitant ainsi la prise de d\u00e9cision en mati\u00e8re de formation ou de promotion.<\/span><\/li><li style=\"font-weight: 400;\" aria-level=\"1\"><span style=\"font-weight: 400;\">Elle aide les collaborateurs \u00e0 comprendre les crit\u00e8res sur lesquels ils sont jug\u00e9s gr\u00e2ce \u00e0 une d\u00e9finition claire des comp\u00e9tences et du niveau attendus.\u00a0<\/span><\/li><li style=\"font-weight: 400;\" aria-level=\"1\"><span style=\"font-weight: 400;\">Les entreprises peuvent mesurer l\u2019\u00e9volution des comp\u00e9tences et ajuster les parcours de formation en utilisant la grille sur plusieurs \u00e9valuations.<\/span><\/li><\/ul><\/td><td><ul><li style=\"font-weight: 400;\" aria-level=\"1\"><span style=\"font-weight: 400;\">Une grille peut parfois manquer de flexibilit\u00e9 pour \u00e9valuer des soft skills, comme la cr\u00e9ativit\u00e9 ou la gestion du stress.<\/span><\/li><li style=\"font-weight: 400;\" aria-level=\"1\"><span style=\"font-weight: 400;\">Cr\u00e9er une grille d\u2019\u00e9valuation adapt\u00e9e \u00e0 chaque poste requiert un investissement initial important en temps et en ressources.<\/span><\/li><\/ul><\/td><\/tr><\/tbody><\/table>\t\t\t\t\t\t\t\t<\/div>\n\t\t\t\t<\/div>\n\t\t\t\t\t<\/div>\n\t\t\t\t<\/div>\n\t\t<div class=\"elementor-element elementor-element-58e60c3 e-flex e-con-boxed e-con e-parent\" data-id=\"58e60c3\" data-element_type=\"container\" data-e-type=\"container\">\n\t\t\t\t\t<div class=\"e-con-inner\">\n\t\t\t\t<div class=\"elementor-element elementor-element-d685e77 elementor-widget elementor-widget-heading\" data-id=\"d685e77\" data-element_type=\"widget\" data-e-type=\"widget\" data-widget_type=\"heading.default\">\n\t\t\t\t<div class=\"elementor-widget-container\">\n\t\t\t\t\t<h3 class=\"elementor-heading-title elementor-size-default\">L\u2019auto-\u00e9valuation\n<\/h3>\t\t\t\t<\/div>\n\t\t\t\t<\/div>\n\t\t\t\t<div class=\"elementor-element elementor-element-5f6c8f0 elementor-widget elementor-widget-text-editor\" data-id=\"5f6c8f0\" data-element_type=\"widget\" data-e-type=\"widget\" data-widget_type=\"text-editor.default\">\n\t\t\t\t<div class=\"elementor-widget-container\">\n\t\t\t\t\t\t\t\t\t<p><span style=\"font-weight: 400;\">L&rsquo;auto-\u00e9valuation consiste \u00e0 demander aux employ\u00e9s de s\u2019auto-\u00e9valuer en <\/span><b>se positionnant eux-m\u00eames<\/b><span style=\"font-weight: 400;\"> par rapport aux comp\u00e9tences attendues pour leur poste.\u00a0<\/span><\/p><p><span style=\"font-weight: 400;\">Cette m\u00e9thode <\/span><b>favorise la prise de conscience<\/b><span style=\"font-weight: 400;\"> et la responsabilisation des collaborateurs en les impliquant activement dans leur processus de d\u00e9veloppement.<\/span><\/p><table><tbody><tr><td><p><b>Les avantages de l\u2019auto-\u00e9valuation<\/b><\/p><\/td><td><p><b>Les limites de l\u2019auto-\u00e9valuation<\/b><\/p><\/td><\/tr><tr><td><ul><li style=\"font-weight: 400;\" aria-level=\"1\"><span style=\"font-weight: 400;\">L\u2019auto-\u00e9valuation encourage l\u2019autonomie. Elle incite les collaborateurs \u00e0 se prendre en main et \u00e0 participer activement \u00e0 leur propre d\u00e9veloppement.<\/span><\/li><li style=\"font-weight: 400;\" aria-level=\"1\"><span style=\"font-weight: 400;\">Cette m\u00e9thode d\u00e9veloppe la r\u00e9flexion personnelle du salari\u00e9 qui peut mieux cerner ses comp\u00e9tences et ses besoins de formation.<\/span><\/li><li style=\"font-weight: 400;\" aria-level=\"1\"><span style=\"font-weight: 400;\">Le collaborateur est plus motiv\u00e9 \u00e0 atteindre ses objectifs de d\u00e9veloppement.\u00a0<\/span><\/li><\/ul><\/td><td><ul><li style=\"font-weight: 400;\" aria-level=\"1\"><span style=\"font-weight: 400;\">Les salari\u00e9s peuvent avoir une perception biais\u00e9e de leurs comp\u00e9tences, ce qui peut rendre l&rsquo;\u00e9valuation subjective.<\/span><\/li><li style=\"font-weight: 400;\" aria-level=\"1\"><span style=\"font-weight: 400;\">En l\u2019absence de crit\u00e8res uniformis\u00e9s, l\u2019auto-\u00e9valuation est plus difficile \u00e0 utiliser pour comparer les comp\u00e9tences de plusieurs salari\u00e9s.<\/span><\/li><\/ul><\/td><\/tr><\/tbody><\/table><p><b>Bon \u00e0 savoir<\/b><span style=\"font-weight: 400;\"> : Lucca encourage l\u2019auto-\u00e9valuation des salari\u00e9s tout au long de l\u2019ann\u00e9e et non uniquement lors de l\u2019entretien annuel.\u00a0<\/span><\/p>\t\t\t\t\t\t\t\t<\/div>\n\t\t\t\t<\/div>\n\t\t\t\t\t<\/div>\n\t\t\t\t<\/div>\n\t\t<div class=\"elementor-element elementor-element-cd49953 e-flex e-con-boxed e-con e-parent\" data-id=\"cd49953\" data-element_type=\"container\" data-e-type=\"container\">\n\t\t\t\t\t<div class=\"e-con-inner\">\n\t\t\t\t<div class=\"elementor-element elementor-element-ad2152d elementor-widget elementor-widget-heading\" data-id=\"ad2152d\" data-element_type=\"widget\" data-e-type=\"widget\" data-widget_type=\"heading.default\">\n\t\t\t\t<div class=\"elementor-widget-container\">\n\t\t\t\t\t<h3 class=\"elementor-heading-title elementor-size-default\">L'\u00e9valuation 360\u00b0\n<\/h3>\t\t\t\t<\/div>\n\t\t\t\t<\/div>\n\t\t\t\t<div class=\"elementor-element elementor-element-bb9137b elementor-widget elementor-widget-text-editor\" data-id=\"bb9137b\" data-element_type=\"widget\" data-e-type=\"widget\" data-widget_type=\"text-editor.default\">\n\t\t\t\t<div class=\"elementor-widget-container\">\n\t\t\t\t\t\t\t\t\t<p><span style=\"font-weight: 400;\">L\u2019\u00e9valuation 360\u00b0 est une m\u00e9thode compl\u00e8te qui recueille des <\/span><b>retours de plusieurs parties prenantes<\/b><span style=\"font-weight: 400;\"> : les sup\u00e9rieurs hi\u00e9rarchiques, les coll\u00e8gues, les subordonn\u00e9s, et parfois m\u00eame les clients.\u00a0<\/span><\/p><table><tbody><tr><td><p><b>Les avantages de l\u2019\u00e9valuation 360\u00b0<\/b><\/p><\/td><td><p><b>Les limites de l\u2019\u00e9valuation 360\u00b0<\/b><\/p><\/td><\/tr><tr><td><ul><li style=\"font-weight: 400;\" aria-level=\"1\"><span style=\"font-weight: 400;\">L\u2019\u00e9valuation 360\u00b0 des comp\u00e9tences permet de croiser diff\u00e9rents points de vue pour obtenir une vision plus globale et nuanc\u00e9e des comp\u00e9tences d\u2019un salari\u00e9.<\/span><\/li><li style=\"font-weight: 400;\" aria-level=\"1\"><span style=\"font-weight: 400;\">En sollicitant plusieurs acteurs dans l\u2019entreprise, cette m\u00e9thode encourage la transparence et le dialogue, renfor\u00e7ant la culture de feedback au sein des \u00e9quipes.<\/span><\/li><li style=\"font-weight: 400;\" aria-level=\"1\"><span style=\"font-weight: 400;\">Recevoir des retours de diff\u00e9rentes sources aide les collaborateurs \u00e0 mieux comprendre comment leurs actions sont per\u00e7ues et o\u00f9 ils peuvent s\u2019am\u00e9liorer.<\/span><\/li><\/ul><\/td><td><ul><li style=\"font-weight: 400;\" aria-level=\"1\"><span style=\"font-weight: 400;\">La subjectivit\u00e9 des \u00e9valuateurs, en fonction de leurs relations personnelles avec le salari\u00e9, peut influencer les retours et donc fausser l\u2019\u00e9valuation.<\/span><\/li><li style=\"font-weight: 400;\" aria-level=\"1\"><span style=\"font-weight: 400;\">L\u2019\u00e9valuation 360\u00b0 implique plusieurs intervenants, ce qui rend le processus plus long et demande une organisation rigoureuse pour recueillir et analyser les diff\u00e9rents feedbacks.<\/span><\/li><\/ul><\/td><\/tr><\/tbody><\/table>\t\t\t\t\t\t\t\t<\/div>\n\t\t\t\t<\/div>\n\t\t\t\t\t<\/div>\n\t\t\t\t<\/div>\n\t\t<div class=\"elementor-element elementor-element-55028e9 e-flex e-con-boxed e-con e-parent\" data-id=\"55028e9\" data-element_type=\"container\" data-e-type=\"container\">\n\t\t\t\t\t<div class=\"e-con-inner\">\n\t\t\t\t<div class=\"elementor-element elementor-element-3f85799 elementor-widget elementor-widget-heading\" data-id=\"3f85799\" data-element_type=\"widget\" data-e-type=\"widget\" data-widget_type=\"heading.default\">\n\t\t\t\t<div class=\"elementor-widget-container\">\n\t\t\t\t\t<h3 class=\"elementor-heading-title elementor-size-default\">L\u2019\u00e9valuation \u00e0 180\u00b0\n<\/h3>\t\t\t\t<\/div>\n\t\t\t\t<\/div>\n\t\t\t\t<div class=\"elementor-element elementor-element-fe28052 elementor-widget elementor-widget-text-editor\" data-id=\"fe28052\" data-element_type=\"widget\" data-e-type=\"widget\" data-widget_type=\"text-editor.default\">\n\t\t\t\t<div class=\"elementor-widget-container\">\n\t\t\t\t\t\t\t\t\t<p><span style=\"font-weight: 400;\">L\u2019\u00e9valuation \u00e0 180\u00b0 est une m\u00e9thode plus simple et cibl\u00e9e que l\u2019\u00e9valuation 360\u00b0. En effet, elle repose sur l\u2019avis <\/span><b>du salari\u00e9 et de son sup\u00e9rieur hi\u00e9rarchique direct<\/b><span style=\"font-weight: 400;\">. Bien que restreinte, cette \u00e9valuation permet d\u2019obtenir un retour approfondi sur les comp\u00e9tences techniques et les objectifs op\u00e9rationnels sp\u00e9cifiques.<\/span><\/p><table><tbody><tr><td><p><b>Les avantages de l\u2019\u00e9valuation 180\u00b0<\/b><\/p><\/td><td><p><b>Les limites de l\u2019\u00e9valuation 180\u00b0<\/b><\/p><\/td><\/tr><tr><td><ul><li style=\"font-weight: 400;\" aria-level=\"1\"><span style=\"font-weight: 400;\">Impliquant moins de parties prenantes, cette m\u00e9thode est plus rapide et facile \u00e0 mettre en place que l\u2019\u00e9valuation 360\u00b0.<\/span><\/li><li style=\"font-weight: 400;\" aria-level=\"1\"><span style=\"font-weight: 400;\">Le dialogue entre le collaborateur et le manager permet d\u2019obtenir un feedback direct et de renforcer la relation de confiance.<\/span><\/li><\/ul><\/td><td><ul><li style=\"font-weight: 400;\" aria-level=\"1\"><span style=\"font-weight: 400;\">Cette m\u00e9thode ne permet pas forc\u00e9ment de couvrir les comp\u00e9tences relationnelles puisqu\u2019elle n\u2019int\u00e8gre pas les retours de coll\u00e8gues ou de subordonn\u00e9s.<\/span><\/li><li style=\"font-weight: 400;\" aria-level=\"1\"><span style=\"font-weight: 400;\">Le feedback peut \u00eatre influenc\u00e9 par la relation personnelle entre le salari\u00e9 et le manager, ce qui peut rendre l\u2019\u00e9valuation subjective.<\/span><\/li><\/ul><\/td><\/tr><\/tbody><\/table><p><span style=\"font-weight: 400;\">L\u2019\u00e9valuation des comp\u00e9tences d\u00e9passe la simple identification des besoins de formation ou des \u00e9carts de performance. Elle s\u2019affirme comme un <\/span><b>outil strat\u00e9gique<\/b><span style=\"font-weight: 400;\"> pour anticiper les \u00e9volutions du march\u00e9 et b\u00e2tir une organisation agile et r\u00e9siliente. En combinant des approches diversifi\u00e9es comme les grilles d\u2019\u00e9valuation, les feedbacks 360\u00b0 ou l\u2019auto-\u00e9valuation, les entreprises peuvent non seulement ajuster leurs actions de d\u00e9veloppement, mais aussi valoriser le potentiel de leurs \u00e9quipes.\u00a0<\/span><\/p><p>\u00a0<\/p><p><span style=\"font-weight: 400;\">S\u2019appuyer sur des outils digitaux, comme des <\/span><span style=\"font-weight: 400;\">logiciels de gestion des comp\u00e9tences,<\/span><span style=\"font-weight: 400;\"> amplifie cet impact en centralisant les donn\u00e9es, en automatisant les processus, et en rendant les d\u00e9cisions plus pr\u00e9cises et plus rapides. L\u2019\u00e9valuation devient alors <\/span><b>une opportunit\u00e9 de transformation<\/b><span style=\"font-weight: 400;\"> : elle aligne les comp\u00e9tences des collaborateurs sur les objectifs strat\u00e9giques et cultive une culture de l\u2019excellence au c\u0153ur de l\u2019entreprise.<\/span><\/p>\t\t\t\t\t\t\t\t<\/div>\n\t\t\t\t<\/div>\n\t\t\t\t\t<\/div>\n\t\t\t\t<\/div>\n\t\t<div class=\"elementor-element elementor-element-54c9e65b cta-img e-flex e-con-boxed e-con e-parent\" data-id=\"54c9e65b\" data-element_type=\"container\" data-e-type=\"container\" data-settings=\"{&quot;background_background&quot;:&quot;classic&quot;}\">\n\t\t\t\t\t<div class=\"e-con-inner\">\n\t\t<div class=\"elementor-element elementor-element-5c613589 e-con-full e-flex e-con e-child\" data-id=\"5c613589\" data-element_type=\"container\" data-e-type=\"container\">\n\t\t\t\t<div class=\"elementor-element elementor-element-33d99360 elementor-widget-mobile__width-initial elementor-absolute elementor-widget elementor-widget-image\" data-id=\"33d99360\" data-element_type=\"widget\" data-e-type=\"widget\" data-settings=\"{&quot;_position&quot;:&quot;absolute&quot;}\" data-widget_type=\"image.default\">\n\t\t\t\t<div class=\"elementor-widget-container\">\n\t\t\t\t\t\t\t\t\t\t\t\t\t\t\t<img fetchpriority=\"high\" decoding=\"async\" width=\"287\" height=\"290\" src=\"https:\/\/www.lucca.fr\/magazine\/wp-content\/uploads\/2024\/03\/illu-banniere-poplee.svg\" class=\"attachment-full size-full wp-image-19781\" alt=\"\" \/>\t\t\t\t\t\t\t\t\t\t\t\t\t\t\t<\/div>\n\t\t\t\t<\/div>\n\t\t\t\t<\/div>\n\t\t<div class=\"elementor-element elementor-element-571cabc6 e-con-full e-flex e-con e-child\" data-id=\"571cabc6\" data-element_type=\"container\" data-e-type=\"container\">\n\t\t\t\t<div class=\"elementor-element elementor-element-5735013f elementor-widget elementor-widget-heading\" data-id=\"5735013f\" data-element_type=\"widget\" data-e-type=\"widget\" data-widget_type=\"heading.default\">\n\t\t\t\t<div class=\"elementor-widget-container\">\n\t\t\t\t\t<p class=\"elementor-heading-title elementor-size-default\">Avec le logiciel Lucca Performance,<\/p>\t\t\t\t<\/div>\n\t\t\t\t<\/div>\n\t\t\t\t<div class=\"elementor-element elementor-element-31ff7135 elementor-widget elementor-widget-text-editor\" data-id=\"31ff7135\" data-element_type=\"widget\" data-e-type=\"widget\" data-widget_type=\"text-editor.default\">\n\t\t\t\t<div class=\"elementor-widget-container\">\n\t\t\t\t\t\t\t\t\t<p><span style=\"font-weight: 400;\">vous pouvez identifier les comp\u00e9tences \u00e0 d\u00e9velopper pour pr\u00e9parer vos plans de formation, r\u00e9aliser vos entretiens individuels et \u00e9valuer la progression de vos collaborateurs sans effort. <\/span><\/p>\t\t\t\t\t\t\t\t<\/div>\n\t\t\t\t<\/div>\n\t\t\t\t<div class=\"elementor-element elementor-element-1d0dfb9c elementor-widget elementor-widget-button\" data-id=\"1d0dfb9c\" data-element_type=\"widget\" data-e-type=\"widget\" data-widget_type=\"button.default\">\n\t\t\t\t<div class=\"elementor-widget-container\">\n\t\t\t\t\t\t\t\t\t<div class=\"elementor-button-wrapper\">\n\t\t\t\t\t<a class=\"elementor-button elementor-button-link elementor-size-sm\" href=\"https:\/\/info.lucca.fr\/l\/950782\/2024-11-12\/5yqmw1\" target=\"_blank\" rel=\"nofollow\">\n\t\t\t\t\t\t<span class=\"elementor-button-content-wrapper\">\n\t\t\t\t\t\t\t\t\t<span class=\"elementor-button-text\">Tester la solution<\/span>\n\t\t\t\t\t<\/span>\n\t\t\t\t\t<\/a>\n\t\t\t\t<\/div>\n\t\t\t\t\t\t\t\t<\/div>\n\t\t\t\t<\/div>\n\t\t\t\t<\/div>\n\t\t\t\t\t<\/div>\n\t\t\t\t<\/div>\n\t\t\t\t<\/div>\n\t\t","protected":false},"excerpt":{"rendered":"<p>Aujourd\u2019hui, les entreprises font face \u00e0 de nombreux d\u00e9fis : mutations technologiques, exigences accrues des clients, ou encore besoin d&rsquo;agilit\u00e9 organisationnelle. Mais comment peuvent-elles rester comp\u00e9titives tout en r\u00e9pondant \u00e0 ces enjeux ? En \u00e9valuant&#8230;<\/p>\n","protected":false},"author":12,"featured_media":29684,"comment_status":"closed","ping_status":"closed","sticky":false,"template":"","format":"standard","meta":{"inline_featured_image":false,"footnotes":""},"categories":[156],"tags":[],"post_folder":[],"class_list":["post-27059","post","type-post","status-publish","format-standard","has-post-thumbnail","hentry","category-competences-carrieres"],"_links":{"self":[{"href":"https:\/\/www.lucca.fr\/magazine\/wp-json\/wp\/v2\/posts\/27059","targetHints":{"allow":["GET"]}}],"collection":[{"href":"https:\/\/www.lucca.fr\/magazine\/wp-json\/wp\/v2\/posts"}],"about":[{"href":"https:\/\/www.lucca.fr\/magazine\/wp-json\/wp\/v2\/types\/post"}],"author":[{"embeddable":true,"href":"https:\/\/www.lucca.fr\/magazine\/wp-json\/wp\/v2\/users\/12"}],"replies":[{"embeddable":true,"href":"https:\/\/www.lucca.fr\/magazine\/wp-json\/wp\/v2\/comments?post=27059"}],"version-history":[{"count":1,"href":"https:\/\/www.lucca.fr\/magazine\/wp-json\/wp\/v2\/posts\/27059\/revisions"}],"predecessor-version":[{"id":29685,"href":"https:\/\/www.lucca.fr\/magazine\/wp-json\/wp\/v2\/posts\/27059\/revisions\/29685"}],"wp:featuredmedia":[{"embeddable":true,"href":"https:\/\/www.lucca.fr\/magazine\/wp-json\/wp\/v2\/media\/29684"}],"wp:attachment":[{"href":"https:\/\/www.lucca.fr\/magazine\/wp-json\/wp\/v2\/media?parent=27059"}],"wp:term":[{"taxonomy":"category","embeddable":true,"href":"https:\/\/www.lucca.fr\/magazine\/wp-json\/wp\/v2\/categories?post=27059"},{"taxonomy":"post_tag","embeddable":true,"href":"https:\/\/www.lucca.fr\/magazine\/wp-json\/wp\/v2\/tags?post=27059"},{"taxonomy":"post_folder","embeddable":true,"href":"https:\/\/www.lucca.fr\/magazine\/wp-json\/wp\/v2\/post_folder?post=27059"}],"curies":[{"name":"wp","href":"https:\/\/api.w.org\/{rel}","templated":true}]}}