{"id":27225,"date":"2025-02-21T12:07:31","date_gmt":"2025-02-21T11:07:31","guid":{"rendered":"https:\/\/www.lucca.fr\/magazine\/?p=27225"},"modified":"2026-04-22T10:53:11","modified_gmt":"2026-04-22T09:53:11","slug":"conclure-entretien-professionnel","status":"publish","type":"post","link":"https:\/\/www.lucca.fr\/magazine\/talents\/competences-carrieres\/conclure-entretien-professionnel","title":{"rendered":"Comment conclure un entretien de parcours professionnel ?"},"content":{"rendered":"\t\t<div data-elementor-type=\"wp-post\" data-elementor-id=\"27225\" class=\"elementor elementor-27225\" data-elementor-post-type=\"post\">\n\t\t\t\t<div class=\"elementor-element elementor-element-0ecfb78 e-flex e-con-boxed e-con e-parent\" data-id=\"0ecfb78\" data-element_type=\"container\" data-e-type=\"container\">\n\t\t\t\t\t<div class=\"e-con-inner\">\n\t\t\t\t<div class=\"elementor-element elementor-element-113d9f1 elementor-widget elementor-widget-text-editor\" data-id=\"113d9f1\" data-element_type=\"widget\" data-e-type=\"widget\" data-widget_type=\"text-editor.default\">\n\t\t\t\t<div class=\"elementor-widget-container\">\n\t\t\t\t\t\t\t\t\t<p><span style=\"font-weight: 400;\">En tant que manager ou professionnel RH, c\u2019est \u00e0 vous que revient la conclusion de l\u2019entretien de parcours professionnel. Cette \u00e9tape, souvent b\u00e2cl\u00e9e par manque de temps, est pourtant primordiale dans la <\/span><span style=\"font-weight: 400;\">gestion des entretiens<\/span><span style=\"font-weight: 400;\">.<\/span><span style=\"font-weight: 400;\"> Laisser une bonne derni\u00e8re impression contribue \u00e0 ce que votre salari\u00e9 soit satisfait de l\u2019\u00e9change.<\/span><\/p>\n<p>\u00a0<\/p>\n<p><span style=\"font-weight: 400;\">Si la l\u00e9gislation donne un cadre \u00e0 votre \u00e9change, savoir conclure un entretien de parcours professionnel rel\u00e8ve de vos comp\u00e9tences manag\u00e9riales ! Alors quelle est la meilleure fa\u00e7on de clore l\u2019\u00e9change ? Quelles derni\u00e8res phrases ou derni\u00e8res questions poser ?<br \/>\u00a0<\/span><\/p>\n<p><span style=\"font-weight: 400;\">D\u00e9couvrez toutes les r\u00e9ponses dans ce guide pratique. <\/span><\/p>\t\t\t\t\t\t\t\t<\/div>\n\t\t\t\t<\/div>\n\t\t\t\t<div class=\"elementor-element elementor-element-0a50df0 elementor-toc--minimized-on-tablet elementor-widget elementor-widget-table-of-contents\" data-id=\"0a50df0\" data-element_type=\"widget\" data-e-type=\"widget\" data-settings=\"{&quot;exclude_headings_by_selector&quot;:[],&quot;no_headings_message&quot;:&quot;Aucun titre n\\u2019a \\u00e9t\\u00e9 trouv\\u00e9 sur cette page.&quot;,&quot;headings_by_tags&quot;:[&quot;h2&quot;,&quot;h3&quot;,&quot;h4&quot;,&quot;h5&quot;,&quot;h6&quot;],&quot;marker_view&quot;:&quot;numbers&quot;,&quot;minimize_box&quot;:&quot;yes&quot;,&quot;minimized_on&quot;:&quot;tablet&quot;,&quot;hierarchical_view&quot;:&quot;yes&quot;,&quot;min_height&quot;:{&quot;unit&quot;:&quot;px&quot;,&quot;size&quot;:&quot;&quot;,&quot;sizes&quot;:[]},&quot;min_height_tablet&quot;:{&quot;unit&quot;:&quot;px&quot;,&quot;size&quot;:&quot;&quot;,&quot;sizes&quot;:[]},&quot;min_height_mobile&quot;:{&quot;unit&quot;:&quot;px&quot;,&quot;size&quot;:&quot;&quot;,&quot;sizes&quot;:[]}}\" data-widget_type=\"table-of-contents.default\">\n\t\t\t\t<div class=\"elementor-widget-container\">\n\t\t\t\t\t\t\t\t\t<div class=\"elementor-toc__header\">\n\t\t\t\t\t\t<div class=\"elementor-toc__header-title\">\n\t\t\t\tSommaire\t\t\t<\/div>\n\t\t\t\t\t\t\t\t\t\t<div class=\"elementor-toc__toggle-button elementor-toc__toggle-button--expand\" role=\"button\" tabindex=\"0\" aria-controls=\"elementor-toc__0a50df0\" aria-expanded=\"true\" aria-label=\"Ouvrir la table des mati\u00e8res\"><svg aria-hidden=\"true\" class=\"e-font-icon-svg e-fas-chevron-down\" viewBox=\"0 0 448 512\" xmlns=\"http:\/\/www.w3.org\/2000\/svg\"><path d=\"M207.029 381.476L12.686 187.132c-9.373-9.373-9.373-24.569 0-33.941l22.667-22.667c9.357-9.357 24.522-9.375 33.901-.04L224 284.505l154.745-154.021c9.379-9.335 24.544-9.317 33.901.04l22.667 22.667c9.373 9.373 9.373 24.569 0 33.941L240.971 381.476c-9.373 9.372-24.569 9.372-33.942 0z\"><\/path><\/svg><\/div>\n\t\t\t\t<div class=\"elementor-toc__toggle-button elementor-toc__toggle-button--collapse\" role=\"button\" tabindex=\"0\" aria-controls=\"elementor-toc__0a50df0\" aria-expanded=\"true\" aria-label=\"Fermer la table des mati\u00e8res\"><svg aria-hidden=\"true\" class=\"e-font-icon-svg e-fas-chevron-up\" viewBox=\"0 0 448 512\" xmlns=\"http:\/\/www.w3.org\/2000\/svg\"><path d=\"M240.971 130.524l194.343 194.343c9.373 9.373 9.373 24.569 0 33.941l-22.667 22.667c-9.357 9.357-24.522 9.375-33.901.04L224 227.495 69.255 381.516c-9.379 9.335-24.544 9.317-33.901-.04l-22.667-22.667c-9.373-9.373-9.373-24.569 0-33.941L207.03 130.525c9.372-9.373 24.568-9.373 33.941-.001z\"><\/path><\/svg><\/div>\n\t\t\t\t\t<\/div>\n\t\t\t\t<div id=\"elementor-toc__0a50df0\" class=\"elementor-toc__body\">\n\t\t\t<div class=\"elementor-toc__spinner-container\">\n\t\t\t\t<svg class=\"elementor-toc__spinner eicon-animation-spin e-font-icon-svg e-eicon-loading\" aria-hidden=\"true\" viewBox=\"0 0 1000 1000\" xmlns=\"http:\/\/www.w3.org\/2000\/svg\"><path d=\"M500 975V858C696 858 858 696 858 500S696 142 500 142 142 304 142 500H25C25 237 238 25 500 25S975 237 975 500 763 975 500 975Z\"><\/path><\/svg>\t\t\t<\/div>\n\t\t<\/div>\n\t\t\t\t\t\t<\/div>\n\t\t\t\t<\/div>\n\t\t\t\t<div class=\"elementor-element elementor-element-31cc2ac elementor-widget elementor-widget-heading\" data-id=\"31cc2ac\" data-element_type=\"widget\" data-e-type=\"widget\" data-widget_type=\"heading.default\">\n\t\t\t\t<div class=\"elementor-widget-container\">\n\t\t\t\t\t<h2 class=\"elementor-heading-title elementor-size-default\">Pourquoi bien conclure un entretien de parcours professionnel est important ? <\/h2>\t\t\t\t<\/div>\n\t\t\t\t<\/div>\n\t\t\t\t<div class=\"elementor-element elementor-element-6e73de7 elementor-widget elementor-widget-text-editor\" data-id=\"6e73de7\" data-element_type=\"widget\" data-e-type=\"widget\" data-widget_type=\"text-editor.default\">\n\t\t\t\t<div class=\"elementor-widget-container\">\n\t\t\t\t\t\t\t\t\t<p><span style=\"font-weight: 400;\">L\u2019entretien de parcours professionnel est une opportunit\u00e9 de renforcer la motivation et l\u2019engagement de votre collaborateur. Hors de question qu\u2019il reparte m\u00e9content, frustr\u00e9 ou avec un sentiment d&rsquo;inachev\u00e9.<br \/><br \/><\/span><\/p>\n<p><span style=\"font-weight: 400;\">En tant que manager, c\u2019est \u00e0 vous de <\/span><a href=\"https:\/\/www.lucca.fr\/magazine\/talents\/competences-carrieres\/mener-entretien-professionnel\"><span style=\"font-weight: 400;\">mener l\u2019entretien de parcours professionnel<\/span><\/a><span style=\"font-weight: 400;\">, et de diriger la discussion pour que votre interlocuteur puisse s\u2019exprimer librement. Vous pouvez commencer par introduire l\u2019\u00e9change\u00a0avec un rappel des objectifs et des points qui seront abord\u00e9s au cours de l\u2019\u00e9change.\u00a0<br \/><br \/><\/span><\/p>\n<p><span style=\"font-weight: 400;\">En conclusion, laissez la parole au salari\u00e9 pour qu\u2019il puisse revenir sur certains sujets ou aborder de nouvelles questions.<br \/><br \/><\/span><\/p>\n<p><span style=\"font-weight: 400;\">La conclusion d\u2019un entretien de parcours professionnel rev\u00eat la m\u00eame importance que le reste des \u00e9changes, si ce n\u2019est plus. Il s\u2019agit de terminer sur une note positive et constructive, sans b\u00e2cler le rendez-vous.\u00a0<br \/><br \/><\/span><\/p>\n<p><a href=\"https:\/\/www.lucca.fr\/magazine\/talents\/competences-carrieres\/objectif-entretien-professionnel\"><span style=\"font-weight: 400;\">L\u2019<\/span><span style=\"font-weight: 400;\">objectif de l\u2019entretien de parcours professionnel<\/span><\/a><span style=\"font-weight: 400;\"> est que le salari\u00e9 reparte avec le sentiment d\u2019avoir \u00e9t\u00e9 entendu et pris en consid\u00e9ration. Une conclusion ax\u00e9e sur l\u2019avenir est un excellent moyen d\u2019augmenter sa motivation et son engagement.<\/span><\/p>\t\t\t\t\t\t\t\t<\/div>\n\t\t\t\t<\/div>\n\t\t\t\t<div class=\"elementor-element elementor-element-93af0fe elementor-widget elementor-widget-heading\" data-id=\"93af0fe\" data-element_type=\"widget\" data-e-type=\"widget\" data-widget_type=\"heading.default\">\n\t\t\t\t<div class=\"elementor-widget-container\">\n\t\t\t\t\t<h2 class=\"elementor-heading-title elementor-size-default\">Comment conclure l\u2019entretien de parcours professionnel ?<\/h2>\t\t\t\t<\/div>\n\t\t\t\t<\/div>\n\t\t\t\t<div class=\"elementor-element elementor-element-40451c6 elementor-widget elementor-widget-text-editor\" data-id=\"40451c6\" data-element_type=\"widget\" data-e-type=\"widget\" data-widget_type=\"text-editor.default\">\n\t\t\t\t<div class=\"elementor-widget-container\">\n\t\t\t\t\t\t\t\t\t<p><span style=\"font-weight: 400;\">Il n\u2019existe pas qu\u2019une seule bonne mani\u00e8re de conclure un entretien de parcours professionnel. Plusieurs astuces peuvent vous permettre de finaliser ce temps d\u2019\u00e9change privil\u00e9gi\u00e9 sur une note positive et constructive pour les deux parties.\u00a0<\/span><\/p>\n<p>\u00a0<\/p>\n<p><span style=\"font-weight: 400;\">Voici quelques conseils pour clore la discussion :<\/span><\/p>\n<p>\u00a0<\/p>\n<ul>\n<li style=\"font-weight: 400;\" aria-level=\"1\"><strong>R\u00e9sumez les points abord\u00e9s : <\/strong>fa\u00eetes un r\u00e9capitulatif de la discussion, soulignez les points importants, reformulez si besoin en reprenant vos notes ;<br \/><br \/><\/li>\n<li style=\"font-weight: 400;\" aria-level=\"1\"><span style=\"font-weight: 400;\"><strong>Donnez la parole au salari\u00e9 :<\/strong> d<\/span>emandez-lui son ressenti sur l\u2019entretien et s\u2019il a des sujets \u00e0 aborder avant de conclure. Laissez-lui quelques minutes pour aborder un sujet de son choix m\u00eame s\u2019il s\u2019agit d\u2019une probl\u00e9matique tout autre ;<br \/><br \/><\/li>\n<li style=\"font-weight: 400;\" aria-level=\"1\"><span style=\"font-weight: 400;\"><strong>Revenez sur les points de conflit<\/strong> <strong>:<\/strong> n<\/span>e laissez aucune incompr\u00e9hension non r\u00e9solue. Assurez-vous de prendre le temps d&rsquo;\u00e9couter activement, de fournir des r\u00e9ponses appropri\u00e9es ou de proposer un autre rendez-vous si besoin ;<br \/><br \/><\/li>\n<li style=\"font-weight: 400;\" aria-level=\"1\"><span style=\"font-weight: 400;\"><strong>Validez ensemble le plan d\u2019action :<\/strong> r<\/span>eprenez le plan d&rsquo;action d\u00e9fini en collaboration avec le salari\u00e9, fixant les prochains objectifs et \u00e9ch\u00e9ances ;<br \/><br \/><\/li>\n<li style=\"font-weight: 400;\" aria-level=\"1\"><span style=\"font-weight: 400;\"><strong>Offrez votre soutien et votre disponibilit\u00e9 :<\/strong> <\/span>proposez un entretien de suivi pour discuter de l\u2019avancement des projets et des objectifs ;<br \/><br \/><\/li>\n<li style=\"font-weight: 400;\" aria-level=\"1\"><strong>Terminez l&rsquo;\u00e9change sur une note positive : <\/strong>exprimez votre confiance et votre reconnaissance envers le salari\u00e9. Encouragez-le \u00e0 continuer \u00e0 contribuer au succ\u00e8s de l&rsquo;entreprise et f\u00e9licitez-le pour ses efforts et son engagement.<\/li>\n<\/ul>\n<p>\u00a0<\/p>\n<p><span style=\"font-weight: 400;\">Surtout ne faites pas de fausse promesse pendant l\u2019entretien de parcours professionnel. Ayez l\u2019honn\u00eatet\u00e9 de dire quand vous n\u2019avez pas la r\u00e9ponse, que ce n\u2019est pas de votre responsabilit\u00e9 ou que vous devez vous renseigner. Votre manque de transparence entra\u00eenerait un sentiment de frustration et un conflit \u00e0 moyen terme.<\/span><\/p>\t\t\t\t\t\t\t\t<\/div>\n\t\t\t\t<\/div>\n\t\t\t\t<div class=\"elementor-element elementor-element-af76884 elementor-widget elementor-widget-heading\" data-id=\"af76884\" data-element_type=\"widget\" data-e-type=\"widget\" data-widget_type=\"heading.default\">\n\t\t\t\t<div class=\"elementor-widget-container\">\n\t\t\t\t\t<h2 class=\"elementor-heading-title elementor-size-default\">Exemples de phrases de conclusion <\/h2>\t\t\t\t<\/div>\n\t\t\t\t<\/div>\n\t\t\t\t<div class=\"elementor-element elementor-element-58cb8dd elementor-widget elementor-widget-heading\" data-id=\"58cb8dd\" data-element_type=\"widget\" data-e-type=\"widget\" data-widget_type=\"heading.default\">\n\t\t\t\t<div class=\"elementor-widget-container\">\n\t\t\t\t\t<h3 class=\"elementor-heading-title elementor-size-default\">Pour les managers<\/h3>\t\t\t\t<\/div>\n\t\t\t\t<\/div>\n\t\t\t\t<div class=\"elementor-element elementor-element-996e156 elementor-widget elementor-widget-text-editor\" data-id=\"996e156\" data-element_type=\"widget\" data-e-type=\"widget\" data-widget_type=\"text-editor.default\">\n\t\t\t\t<div class=\"elementor-widget-container\">\n\t\t\t\t\t\t\t\t\t<p><span style=\"font-weight: 400;\">Voici quelques exemples de phrase de conclusion qui renforcent la confiance et la motivation du salari\u00e9, tout en favorisant une collaboration future fructueuse\u00a0:\u00a0<\/span><\/p>\n<ul>\n<li style=\"font-weight: 400;\" aria-level=\"1\"><span style=\"font-weight: 400;\">\u00ab\u00a0Je suis tr\u00e8s satisfait du projet que tu as men\u00e9 avec succ\u00e8s ! F\u00e9licitations !\u00a0\u00bb ;<\/span><\/li>\n<li style=\"font-weight: 400;\" aria-level=\"1\"><span style=\"font-weight: 400;\">\u00ab\u00a0Je te remercie pour les efforts que tu as fournis afin de r\u00e9ussir cette mission.\u00a0\u00bb ;\u00a0<\/span><\/li>\n<li style=\"font-weight: 400;\" aria-level=\"1\"><span style=\"font-weight: 400;\">\u00ab\u00a0Qu\u2019as-tu retenu de notre \u00e9change ? Que t&rsquo;a-t-il apport\u00e9 ?\u00a0\u00bb ;<\/span><\/li>\n<li style=\"font-weight: 400;\" aria-level=\"1\"><span style=\"font-weight: 400;\">\u00ab\u00a0As-tu d\u2019autres sujets que tu aimerais aborder avant de conclure l\u2019entretien ?\u00a0\u00bb ;<\/span><\/li>\n<li style=\"font-weight: 400;\" aria-level=\"1\"><span style=\"font-weight: 400;\">\u00ab\u00a0R\u00e9capitulons les grandes lignes de notre \u00e9change et les prochaines \u00e9tapes pour que nous soyons d\u2019accord.\u00a0\u00bb ;<\/span><\/li>\n<li style=\"font-weight: 400;\" aria-level=\"1\"><span style=\"font-weight: 400;\">\u00ab\u00a0Nous pouvons fixer un entretien dans quelques mois pour faire le point ensemble.\u00a0\u00bb<\/span><\/li>\n<\/ul>\t\t\t\t\t\t\t\t<\/div>\n\t\t\t\t<\/div>\n\t\t\t\t<div class=\"elementor-element elementor-element-62dba94 elementor-widget elementor-widget-heading\" data-id=\"62dba94\" data-element_type=\"widget\" data-e-type=\"widget\" data-widget_type=\"heading.default\">\n\t\t\t\t<div class=\"elementor-widget-container\">\n\t\t\t\t\t<h3 class=\"elementor-heading-title elementor-size-default\">Pour les salari\u00e9s<\/h3>\t\t\t\t<\/div>\n\t\t\t\t<\/div>\n\t\t\t\t<div class=\"elementor-element elementor-element-5d33ace elementor-widget elementor-widget-text-editor\" data-id=\"5d33ace\" data-element_type=\"widget\" data-e-type=\"widget\" data-widget_type=\"text-editor.default\">\n\t\t\t\t<div class=\"elementor-widget-container\">\n\t\t\t\t\t\t\t\t\t<p><span style=\"font-weight: 400;\">En tant que salari\u00e9, il n\u2019est pas facile non plus de savoir comment conclure un entretien de parcours professionnel<\/span><b>. <\/b><span style=\"font-weight: 400;\">C\u2019est pourtant l\u2019occasion d\u2019exprimer les sujets qui vous tiennent \u00e0 c\u0153ur ou de clarifier certains points avec votre manager.<\/span><\/p>\n<p>\u00a0<\/p>\n<p><span style=\"font-weight: 400;\">Voici quelques phrases qui peuvent vous aider \u00e0 conclure la discussion :\u00a0<\/span><\/p>\n<ul>\n<li style=\"font-weight: 400;\" aria-level=\"1\"><span style=\"font-weight: 400;\">\u00ab\u00a0Merci de m\u2019avoir fait confiance pour ce projet, j\u2019aimerais m\u2019investir davantage sur ce type de mission.\u00a0\u00bb ;<\/span><\/li>\n<li style=\"font-weight: 400;\" aria-level=\"1\"><span style=\"font-weight: 400;\">\u00ab\u00a0Merci pour cet \u00e9change, j\u2019aimerais en profiter pour vous parler de mon envie d\u2019\u00e9voluer dans l\u2019entreprise, d\u2019avoir plus de responsabilit\u00e9s.\u00a0\u00bb ;<\/span><\/li>\n<li style=\"font-weight: 400;\" aria-level=\"1\"><span style=\"font-weight: 400;\">\u00ab\u00a0J\u2019aimerais utiliser mes droits \u00e0 la formation pour\u2026 \u00a0\u00bb ;<\/span><\/li>\n<li style=\"font-weight: 400;\" aria-level=\"1\"><span style=\"font-weight: 400;\">\u00ab\u00a0Vous avez fait part d\u2019un projet qui m\u2019int\u00e9resse pour l\u2019entreprise, j\u2019aimerais y contribuer.\u00a0\u00bb<\/span><\/li>\n<\/ul>\t\t\t\t\t\t\t\t<\/div>\n\t\t\t\t<\/div>\n\t\t\t\t<div class=\"elementor-element elementor-element-10c56c6 elementor-widget elementor-widget-heading\" data-id=\"10c56c6\" data-element_type=\"widget\" data-e-type=\"widget\" data-widget_type=\"heading.default\">\n\t\t\t\t<div class=\"elementor-widget-container\">\n\t\t\t\t\t<h2 class=\"elementor-heading-title elementor-size-default\">Apr\u00e8s l\u2019entretien de parcours professionnel : r\u00e9diger le compte rendu<\/h2>\t\t\t\t<\/div>\n\t\t\t\t<\/div>\n\t\t\t\t<div class=\"elementor-element elementor-element-de3333a elementor-widget elementor-widget-text-editor\" data-id=\"de3333a\" data-element_type=\"widget\" data-e-type=\"widget\" data-widget_type=\"text-editor.default\">\n\t\t\t\t<div class=\"elementor-widget-container\">\n\t\t\t\t\t\t\t\t\t<p><span style=\"font-weight: 400;\">Ce document \u00e9crit doit reprendre les points cl\u00e9s abord\u00e9s, les d\u00e9cisions prises et les actions d\u00e9finies ensemble.<\/span><\/p>\n<p>\u00a0<\/p>\n<p><span style=\"font-weight: 400;\">Laissez au salari\u00e9 le temps de relire le document, d\u2019ajouter ses annotations si n\u00e9cessaire, puis de le signer.<br \/><br \/><\/span><\/p>\n<p><span style=\"font-weight: 400;\">Une fois finalis\u00e9, il appartient \u00e0 la personne ayant conduit l\u2019entretien de parcours professionnel de transmettre le compte rendu aux acteurs concern\u00e9s au sein de l\u2019entreprise (direction, management, service RH). Cela garantit une bonne circulation de l\u2019information et facilite la mise en \u0153uvre des actions d\u00e9cid\u00e9es.<\/span><\/p>\n<p>\u00a0<\/p>\n<p><span style=\"font-weight: 400;\">\u00c0 noter que l\u2019utilisation d\u2019un logiciel d\u00e9di\u00e9 permet de centraliser l\u2019ensemble des documents et des plans d\u2019action afin d\u2019assurer le suivi de ces entretiens professionnels.<\/span><\/p>\t\t\t\t\t\t\t\t<\/div>\n\t\t\t\t<\/div>\n\t\t\t\t\t<\/div>\n\t\t\t\t<\/div>\n\t\t<div class=\"elementor-element elementor-element-2de6375e cta-img e-flex e-con-boxed e-con e-parent\" data-id=\"2de6375e\" data-element_type=\"container\" data-e-type=\"container\" data-settings=\"{&quot;background_background&quot;:&quot;classic&quot;}\">\n\t\t\t\t\t<div class=\"e-con-inner\">\n\t\t<div class=\"elementor-element elementor-element-6ff5554c e-con-full e-flex e-con e-child\" data-id=\"6ff5554c\" data-element_type=\"container\" data-e-type=\"container\">\n\t\t\t\t<div class=\"elementor-element elementor-element-287514f6 elementor-widget-mobile__width-initial elementor-absolute elementor-widget elementor-widget-image\" data-id=\"287514f6\" data-element_type=\"widget\" data-e-type=\"widget\" data-settings=\"{&quot;_position&quot;:&quot;absolute&quot;}\" data-widget_type=\"image.default\">\n\t\t\t\t<div class=\"elementor-widget-container\">\n\t\t\t\t\t\t\t\t\t\t\t\t\t\t\t<img fetchpriority=\"high\" decoding=\"async\" width=\"287\" height=\"290\" src=\"https:\/\/www.lucca.fr\/magazine\/wp-content\/uploads\/2024\/03\/illu-banniere-poplee.svg\" class=\"attachment-full size-full wp-image-19781\" alt=\"\" \/>\t\t\t\t\t\t\t\t\t\t\t\t\t\t\t<\/div>\n\t\t\t\t<\/div>\n\t\t\t\t<\/div>\n\t\t<div class=\"elementor-element elementor-element-6b22f0ca e-con-full e-flex e-con e-child\" data-id=\"6b22f0ca\" data-element_type=\"container\" data-e-type=\"container\">\n\t\t\t\t<div class=\"elementor-element elementor-element-6e513fe9 elementor-widget elementor-widget-heading\" data-id=\"6e513fe9\" data-element_type=\"widget\" data-e-type=\"widget\" data-widget_type=\"heading.default\">\n\t\t\t\t<div class=\"elementor-widget-container\">\n\t\t\t\t\t<p class=\"elementor-heading-title elementor-size-default\">Vous souhaitez investir dans un outil de gestion des talents ?<\/p>\t\t\t\t<\/div>\n\t\t\t\t<\/div>\n\t\t\t\t<div class=\"elementor-element elementor-element-6dd38306 elementor-widget elementor-widget-text-editor\" data-id=\"6dd38306\" data-element_type=\"widget\" data-e-type=\"widget\" data-widget_type=\"text-editor.default\">\n\t\t\t\t<div class=\"elementor-widget-container\">\n\t\t\t\t\t\t\t\t\t<p><span style=\"font-weight: 400;\">D\u00e9couvrez dans ce m\u00e9mo :<\/span><\/p><ul><li style=\"font-weight: 400;\" aria-level=\"1\"><span style=\"font-weight: 400;\">5 bonnes raisons d\u2019investir dans une solution d\u00e9di\u00e9e ;<\/span><\/li><li style=\"font-weight: 400;\" aria-level=\"1\"><span style=\"font-weight: 400;\">des t\u00e9moignages clients concrets pour vous inspirer ;<\/span><\/li><li style=\"font-weight: 400;\" aria-level=\"1\"><span style=\"font-weight: 400;\">comment faire passer la gestion de vos talents au niveau sup\u00e9rieur.<\/span><\/li><\/ul>\t\t\t\t\t\t\t\t<\/div>\n\t\t\t\t<\/div>\n\t\t\t\t<div class=\"elementor-element elementor-element-681ccb6d elementor-widget elementor-widget-button\" data-id=\"681ccb6d\" data-element_type=\"widget\" data-e-type=\"widget\" data-widget_type=\"button.default\">\n\t\t\t\t<div class=\"elementor-widget-container\">\n\t\t\t\t\t\t\t\t\t<div class=\"elementor-button-wrapper\">\n\t\t\t\t\t<a class=\"elementor-button elementor-button-link elementor-size-sm\" href=\"https:\/\/info.lucca.fr\/l\/950782\/2024-12-13\/5ywnr1\" target=\"_blank\" rel=\"nofollow\">\n\t\t\t\t\t\t<span class=\"elementor-button-content-wrapper\">\n\t\t\t\t\t\t\t\t\t<span class=\"elementor-button-text\">Consulter le m\u00e9mo<\/span>\n\t\t\t\t\t<\/span>\n\t\t\t\t\t<\/a>\n\t\t\t\t<\/div>\n\t\t\t\t\t\t\t\t<\/div>\n\t\t\t\t<\/div>\n\t\t\t\t<\/div>\n\t\t\t\t\t<\/div>\n\t\t\t\t<\/div>\n\t\t\t\t<\/div>\n\t\t","protected":false},"excerpt":{"rendered":"<p>En tant que manager ou professionnel RH, c\u2019est \u00e0 vous que revient la conclusion de l\u2019entretien de parcours professionnel. Cette \u00e9tape, souvent b\u00e2cl\u00e9e par manque de temps, est pourtant primordiale dans la gestion des entretiens&#8230;.<\/p>\n","protected":false},"author":12,"featured_media":29802,"comment_status":"closed","ping_status":"closed","sticky":false,"template":"","format":"standard","meta":{"inline_featured_image":false,"footnotes":""},"categories":[156],"tags":[],"post_folder":[],"class_list":["post-27225","post","type-post","status-publish","format-standard","has-post-thumbnail","hentry","category-competences-carrieres"],"_links":{"self":[{"href":"https:\/\/www.lucca.fr\/magazine\/wp-json\/wp\/v2\/posts\/27225","targetHints":{"allow":["GET"]}}],"collection":[{"href":"https:\/\/www.lucca.fr\/magazine\/wp-json\/wp\/v2\/posts"}],"about":[{"href":"https:\/\/www.lucca.fr\/magazine\/wp-json\/wp\/v2\/types\/post"}],"author":[{"embeddable":true,"href":"https:\/\/www.lucca.fr\/magazine\/wp-json\/wp\/v2\/users\/12"}],"replies":[{"embeddable":true,"href":"https:\/\/www.lucca.fr\/magazine\/wp-json\/wp\/v2\/comments?post=27225"}],"version-history":[{"count":3,"href":"https:\/\/www.lucca.fr\/magazine\/wp-json\/wp\/v2\/posts\/27225\/revisions"}],"predecessor-version":[{"id":42371,"href":"https:\/\/www.lucca.fr\/magazine\/wp-json\/wp\/v2\/posts\/27225\/revisions\/42371"}],"wp:featuredmedia":[{"embeddable":true,"href":"https:\/\/www.lucca.fr\/magazine\/wp-json\/wp\/v2\/media\/29802"}],"wp:attachment":[{"href":"https:\/\/www.lucca.fr\/magazine\/wp-json\/wp\/v2\/media?parent=27225"}],"wp:term":[{"taxonomy":"category","embeddable":true,"href":"https:\/\/www.lucca.fr\/magazine\/wp-json\/wp\/v2\/categories?post=27225"},{"taxonomy":"post_tag","embeddable":true,"href":"https:\/\/www.lucca.fr\/magazine\/wp-json\/wp\/v2\/tags?post=27225"},{"taxonomy":"post_folder","embeddable":true,"href":"https:\/\/www.lucca.fr\/magazine\/wp-json\/wp\/v2\/post_folder?post=27225"}],"curies":[{"name":"wp","href":"https:\/\/api.w.org\/{rel}","templated":true}]}}