{"id":27245,"date":"2025-03-13T15:19:20","date_gmt":"2025-03-13T14:19:20","guid":{"rendered":"https:\/\/www.lucca.fr\/magazine\/?p=27245"},"modified":"2025-05-22T10:59:40","modified_gmt":"2025-05-22T09:59:40","slug":"questions-pendant-entretien-annuel","status":"publish","type":"post","link":"https:\/\/www.lucca.fr\/magazine\/talents\/competences-carrieres\/questions-pendant-entretien-annuel","title":{"rendered":"20 questions cl\u00e9s \u00e0 poser lors des entretiens annuels"},"content":{"rendered":"\t\t<div data-elementor-type=\"wp-post\" data-elementor-id=\"27245\" class=\"elementor elementor-27245\" data-elementor-post-type=\"post\">\n\t\t\t\t<div class=\"elementor-element elementor-element-09956c8 e-flex e-con-boxed e-con e-parent\" data-id=\"09956c8\" data-element_type=\"container\" data-e-type=\"container\">\n\t\t\t\t\t<div class=\"e-con-inner\">\n\t\t\t\t<div class=\"elementor-element elementor-element-de16c89 elementor-widget elementor-widget-text-editor\" data-id=\"de16c89\" data-element_type=\"widget\" data-e-type=\"widget\" data-widget_type=\"text-editor.default\">\n\t\t\t\t<div class=\"elementor-widget-container\">\n\t\t\t\t\t\t\t\t\t<p><span style=\"font-weight: 400;\">L\u2019entretien annuel est une opportunit\u00e9 unique pour faire le bilan de l\u2019ann\u00e9e, renforcer l\u2019engagement des collaborateurs et planifier l\u2019avenir. Ce moment d\u2019\u00e9change permet d\u2019instaurer un dialogue constructif entre manager et salari\u00e9, en abordant des aspects cl\u00e9s comme la performance, le bien-\u00eatre et l\u2019\u00e9volution professionnelle. <\/span><span style=\"font-weight: 400;\">\u00c0 condition de savoir mener la discussion et de poser les bonnes questions !\u00a0<\/span><span style=\"font-weight: 400;\">D\u00e9couvrez 20 questions incontournables, enrichies d\u2019explications et de conseils pour optimiser la <\/span><span style=\"font-weight: 400;\">gestion de vos entretiens<\/span><span style=\"font-weight: 400;\"> annuels<\/span><span style=\"font-weight: 400;\">.<\/span><\/p>\t\t\t\t\t\t\t\t<\/div>\n\t\t\t\t<\/div>\n\t\t\t\t<div class=\"elementor-element elementor-element-a1f9462 elementor-toc--minimized-on-tablet elementor-widget elementor-widget-table-of-contents\" data-id=\"a1f9462\" data-element_type=\"widget\" data-e-type=\"widget\" data-settings=\"{&quot;exclude_headings_by_selector&quot;:[],&quot;no_headings_message&quot;:&quot;Aucun titre n\\u2019a \\u00e9t\\u00e9 trouv\\u00e9 sur cette page.&quot;,&quot;headings_by_tags&quot;:[&quot;h2&quot;,&quot;h3&quot;,&quot;h4&quot;,&quot;h5&quot;,&quot;h6&quot;],&quot;marker_view&quot;:&quot;numbers&quot;,&quot;minimize_box&quot;:&quot;yes&quot;,&quot;minimized_on&quot;:&quot;tablet&quot;,&quot;hierarchical_view&quot;:&quot;yes&quot;,&quot;min_height&quot;:{&quot;unit&quot;:&quot;px&quot;,&quot;size&quot;:&quot;&quot;,&quot;sizes&quot;:[]},&quot;min_height_tablet&quot;:{&quot;unit&quot;:&quot;px&quot;,&quot;size&quot;:&quot;&quot;,&quot;sizes&quot;:[]},&quot;min_height_mobile&quot;:{&quot;unit&quot;:&quot;px&quot;,&quot;size&quot;:&quot;&quot;,&quot;sizes&quot;:[]}}\" data-widget_type=\"table-of-contents.default\">\n\t\t\t\t<div class=\"elementor-widget-container\">\n\t\t\t\t\t\t\t\t\t<div class=\"elementor-toc__header\">\n\t\t\t\t\t\t<div class=\"elementor-toc__header-title\">\n\t\t\t\tSommaire\t\t\t<\/div>\n\t\t\t\t\t\t\t\t\t\t<div class=\"elementor-toc__toggle-button elementor-toc__toggle-button--expand\" role=\"button\" tabindex=\"0\" aria-controls=\"elementor-toc__a1f9462\" aria-expanded=\"true\" aria-label=\"Ouvrir la table des mati\u00e8res\"><svg aria-hidden=\"true\" class=\"e-font-icon-svg e-fas-chevron-down\" viewBox=\"0 0 448 512\" xmlns=\"http:\/\/www.w3.org\/2000\/svg\"><path d=\"M207.029 381.476L12.686 187.132c-9.373-9.373-9.373-24.569 0-33.941l22.667-22.667c9.357-9.357 24.522-9.375 33.901-.04L224 284.505l154.745-154.021c9.379-9.335 24.544-9.317 33.901.04l22.667 22.667c9.373 9.373 9.373 24.569 0 33.941L240.971 381.476c-9.373 9.372-24.569 9.372-33.942 0z\"><\/path><\/svg><\/div>\n\t\t\t\t<div class=\"elementor-toc__toggle-button elementor-toc__toggle-button--collapse\" role=\"button\" tabindex=\"0\" aria-controls=\"elementor-toc__a1f9462\" aria-expanded=\"true\" aria-label=\"Fermer la table des mati\u00e8res\"><svg aria-hidden=\"true\" class=\"e-font-icon-svg e-fas-chevron-up\" viewBox=\"0 0 448 512\" xmlns=\"http:\/\/www.w3.org\/2000\/svg\"><path d=\"M240.971 130.524l194.343 194.343c9.373 9.373 9.373 24.569 0 33.941l-22.667 22.667c-9.357 9.357-24.522 9.375-33.901.04L224 227.495 69.255 381.516c-9.379 9.335-24.544 9.317-33.901-.04l-22.667-22.667c-9.373-9.373-9.373-24.569 0-33.941L207.03 130.525c9.372-9.373 24.568-9.373 33.941-.001z\"><\/path><\/svg><\/div>\n\t\t\t\t\t<\/div>\n\t\t\t\t<div id=\"elementor-toc__a1f9462\" class=\"elementor-toc__body\">\n\t\t\t<div class=\"elementor-toc__spinner-container\">\n\t\t\t\t<svg class=\"elementor-toc__spinner eicon-animation-spin e-font-icon-svg e-eicon-loading\" aria-hidden=\"true\" viewBox=\"0 0 1000 1000\" xmlns=\"http:\/\/www.w3.org\/2000\/svg\"><path d=\"M500 975V858C696 858 858 696 858 500S696 142 500 142 142 304 142 500H25C25 237 238 25 500 25S975 237 975 500 763 975 500 975Z\"><\/path><\/svg>\t\t\t<\/div>\n\t\t<\/div>\n\t\t\t\t\t\t<\/div>\n\t\t\t\t<\/div>\n\t\t\t\t<div class=\"elementor-element elementor-element-3f0c8cd elementor-widget elementor-widget-heading\" data-id=\"3f0c8cd\" data-element_type=\"widget\" data-e-type=\"widget\" data-widget_type=\"heading.default\">\n\t\t\t\t<div class=\"elementor-widget-container\">\n\t\t\t\t\t<h2 class=\"elementor-heading-title elementor-size-default\">Comment d\u00e9finir les questions \u00e0 poser lors de l\u2019entretien ?<\/h2>\t\t\t\t<\/div>\n\t\t\t\t<\/div>\n\t\t\t\t<div class=\"elementor-element elementor-element-5f5dd77 elementor-widget elementor-widget-text-editor\" data-id=\"5f5dd77\" data-element_type=\"widget\" data-e-type=\"widget\" data-widget_type=\"text-editor.default\">\n\t\t\t\t<div class=\"elementor-widget-container\">\n\t\t\t\t\t\t\t\t\t<p><span style=\"font-weight: 400;\">L\u2019entretien annuel se distingue des autres types de rendez-vous, comme <\/span><a href=\"https:\/\/www.lucca.fr\/magazine\/talents\/competences-carrieres\/entretien-one-to-one\"><span style=\"font-weight: 400;\">l\u2019entretien one to one<\/span><\/a><span style=\"font-weight: 400;\">, par sa port\u00e9e globale : il s\u2019agit d\u2019\u00e9valuer la performance sur une p\u00e9riode donn\u00e9e, tout en anticipant les besoins et aspirations \u00e0 venir.<\/span><\/p><p><span style=\"font-weight: 400;\">Pour optimiser cette rencontre :<\/span><\/p><ul><li style=\"font-weight: 400;\" aria-level=\"1\"><span style=\"font-weight: 400;\">Priorisez les th\u00e8mes cl\u00e9s \u00e0 aborder : performance, engagement, aspirations professionnelles ;<\/span><\/li><li style=\"font-weight: 400;\" aria-level=\"1\"><span style=\"font-weight: 400;\">\u00c9laborez une trame personnalis\u00e9e, en int\u00e9grant des questions adapt\u00e9es aux sp\u00e9cificit\u00e9s du poste et du collaborateur.<\/span><\/li><\/ul><p><span style=\"font-weight: 400;\">Passons maintenant aux exemples concrets de questions, r\u00e9parties en th\u00e9matiques pour couvrir tous les aspects essentiels de l\u2019entretien annuel.<\/span><\/p>\t\t\t\t\t\t\t\t<\/div>\n\t\t\t\t<\/div>\n\t\t\t\t<div class=\"elementor-element elementor-element-35b9b8a elementor-widget elementor-widget-heading\" data-id=\"35b9b8a\" data-element_type=\"widget\" data-e-type=\"widget\" data-widget_type=\"heading.default\">\n\t\t\t\t<div class=\"elementor-widget-container\">\n\t\t\t\t\t<h2 class=\"elementor-heading-title elementor-size-default\">Les 20 questions incontournables \u00e0 poser lors de l\u2019entretien annuel <\/h2>\t\t\t\t<\/div>\n\t\t\t\t<\/div>\n\t\t\t\t<div class=\"elementor-element elementor-element-cad9c85 elementor-widget elementor-widget-heading\" data-id=\"cad9c85\" data-element_type=\"widget\" data-e-type=\"widget\" data-widget_type=\"heading.default\">\n\t\t\t\t<div class=\"elementor-widget-container\">\n\t\t\t\t\t<h3 class=\"elementor-heading-title elementor-size-default\">Bilan de l\u2019ann\u00e9e pass\u00e9e<\/h3>\t\t\t\t<\/div>\n\t\t\t\t<\/div>\n\t\t\t\t<div class=\"elementor-element elementor-element-fe7e2a2 elementor-widget elementor-widget-text-editor\" data-id=\"fe7e2a2\" data-element_type=\"widget\" data-e-type=\"widget\" data-widget_type=\"text-editor.default\">\n\t\t\t\t<div class=\"elementor-widget-container\">\n\t\t\t\t\t\t\t\t\t<ol><li><b> \u00cates-vous satisfait de vos r\u00e9sultats cette ann\u00e9e ?<\/b><\/li><\/ol><p><span style=\"font-weight: 400;\">Cette question invite \u00e0 une r\u00e9flexion personnelle et permet de mesurer la perception du collaborateur sur son propre travail.\u00a0<\/span><\/p><p>\u00a0<\/p><ol start=\"2\"><li><b> Quels succ\u00e8s marquants souhaitez-vous mettre en avant ?<\/b><\/li><\/ol><p><span style=\"font-weight: 400;\">Mettre en lumi\u00e8re les contributions cl\u00e9s du collaborateur permet de valoriser ses efforts et de renforcer sa motivation.\u00a0<\/span><\/p><p>\u00a0<\/p><ol start=\"3\"><li><b> Quels d\u00e9fis ou obstacles avez-vous rencontr\u00e9s ?<\/b><\/li><\/ol><p><span style=\"font-weight: 400;\">Identifier les d\u00e9fis permet de mieux comprendre les freins \u00e9ventuels \u00e0 la performance, qu\u2019ils soient organisationnels, techniques ou humains. C\u2019est aussi l\u2019occasion de r\u00e9fl\u00e9chir ensemble aux moyens de les surmonter.<\/span><\/p><p>\u00a0<\/p><ol start=\"4\"><li><b> Si vous deviez recommencer l\u2019ann\u00e9e, que feriez-vous diff\u00e9remment ?<\/b><\/li><\/ol><p><span style=\"font-weight: 400;\">En encourageant une introspection constructive, cette question ouvre la voie \u00e0 un dialogue sur les am\u00e9liorations possibles et sur les enseignements tir\u00e9s de l\u2019ann\u00e9e \u00e9coul\u00e9e.<\/span><\/p>\t\t\t\t\t\t\t\t<\/div>\n\t\t\t\t<\/div>\n\t\t\t\t<div class=\"elementor-element elementor-element-6ff7bd5 elementor-widget elementor-widget-heading\" data-id=\"6ff7bd5\" data-element_type=\"widget\" data-e-type=\"widget\" data-widget_type=\"heading.default\">\n\t\t\t\t<div class=\"elementor-widget-container\">\n\t\t\t\t\t<h3 class=\"elementor-heading-title elementor-size-default\">Engagement et satisfaction au travail<\/h3>\t\t\t\t<\/div>\n\t\t\t\t<\/div>\n\t\t\t\t<div class=\"elementor-element elementor-element-a655eee elementor-widget elementor-widget-text-editor\" data-id=\"a655eee\" data-element_type=\"widget\" data-e-type=\"widget\" data-widget_type=\"text-editor.default\">\n\t\t\t\t<div class=\"elementor-widget-container\">\n\t\t\t\t\t\t\t\t\t<ol start=\"5\"><li><b> Comment vous sentez-vous dans votre r\u00f4le actuel ?<\/b><\/li><\/ol><p><span style=\"font-weight: 400;\">Explorez le niveau d\u2019\u00e9panouissement et d\u2019alignement du collaborateur avec ses missions. Cette question peut r\u00e9v\u00e9ler des besoins d\u2019ajustement dans ses responsabilit\u00e9s ou sa charge de travail.<\/span><\/p><ol start=\"6\"><li><b> Votre travail a-t-il toujours du sens pour vous ?<\/b><\/li><\/ol><p><span style=\"font-weight: 400;\">Mettez en lumi\u00e8re les attentes profondes du collaborateur, qu\u2019il s\u2019agisse de sens dans son travail, de reconnaissance ou de d\u00e9fis professionnels.<\/span><\/p><ol start=\"7\"><li><b> Comment percevez-vous l\u2019ambiance au sein de l\u2019\u00e9quipe ?<\/b><\/li><\/ol><p><span style=\"font-weight: 400;\">Le climat de travail a un impact direct sur la productivit\u00e9 et la fid\u00e9lisation des collaborateurs. En les questionnant sur leur environnement de travail, vous pourrez d\u00e9tecter d\u2019\u00e9ventuelles tensions et agir en cons\u00e9quence.<\/span><\/p><ol start=\"8\"><li><b> \u00cates-vous satisfait de votre \u00e9quilibre vie professionnelle\/vie personnelle ?<\/b><\/li><\/ol><p><span style=\"font-weight: 400;\">Cet aspect est crucial pour pr\u00e9venir les risques de burn-out ou de d\u00e9motivation. Identifier les d\u00e9s\u00e9quilibres \u00e9ventuels aide \u00e0 prendre des mesures adapt\u00e9es, comme une meilleure priorisation des t\u00e2ches ou un soutien organisationnel.<\/span><\/p>\t\t\t\t\t\t\t\t<\/div>\n\t\t\t\t<\/div>\n\t\t\t\t\t<\/div>\n\t\t\t\t<\/div>\n\t\t<div class=\"elementor-element elementor-element-ba4799f e-flex e-con-boxed e-con e-parent\" data-id=\"ba4799f\" data-element_type=\"container\" data-e-type=\"container\">\n\t\t\t\t\t<div class=\"e-con-inner\">\n\t\t\t\t<div class=\"elementor-element elementor-element-3ba4685 elementor-widget elementor-widget-heading\" data-id=\"3ba4685\" data-element_type=\"widget\" data-e-type=\"widget\" data-widget_type=\"heading.default\">\n\t\t\t\t<div class=\"elementor-widget-container\">\n\t\t\t\t\t<h3 class=\"elementor-heading-title elementor-size-default\">Objectifs et perspectives d\u2019\u00e9volution<\/h3>\t\t\t\t<\/div>\n\t\t\t\t<\/div>\n\t\t\t\t<div class=\"elementor-element elementor-element-2bb6ecd elementor-widget elementor-widget-text-editor\" data-id=\"2bb6ecd\" data-element_type=\"widget\" data-e-type=\"widget\" data-widget_type=\"text-editor.default\">\n\t\t\t\t<div class=\"elementor-widget-container\">\n\t\t\t\t\t\t\t\t\t<p>\u00a0<\/p><ol start=\"9\"><li><b> Quelles comp\u00e9tences avez-vous d\u00e9velopp\u00e9 cette ann\u00e9e ?<\/b><\/li><\/ol><p><span style=\"font-weight: 400;\">Cette question met en avant les acquis du collaborateur et permet d\u2019actualiser vos outils RH, comme la cartographie des comp\u00e9tences ou le plan de formation.<\/span><\/p><ol start=\"10\"><li><b> Quels objectifs souhaiteriez-vous atteindre l\u2019ann\u00e9e prochaine ?<\/b><\/li><\/ol><p><span style=\"font-weight: 400;\">En co-construisant les objectifs, vous renforcez l\u2019implication du collaborateur et assurez une coh\u00e9rence avec les priorit\u00e9s strat\u00e9giques de l\u2019entreprise.<\/span><\/p><ol start=\"11\"><li><b> Sur quels aspects aimeriez-vous concentrer vos efforts \u00e0 court terme ?<\/b><\/li><\/ol><p><span style=\"font-weight: 400;\">Cibler les points d\u2019int\u00e9r\u00eat du collaborateur contribue \u00e0 mieux cerner les ambitions imm\u00e9diates du salari\u00e9 et d\u2019ajuster ses missions pour maintenir un niveau de satisfaction et de motivation \u00e9lev\u00e9.<\/span><\/p><ol start=\"12\"><li><b> Comment envisagez-vous votre \u00e9volution professionnelle \u00e0 moyen ou long terme ?<\/b><\/li><\/ol><p><span style=\"font-weight: 400;\">Comprendre les aspirations d\u2019un collaborateur aide \u00e0 construire des plans de carri\u00e8re qui favorisent sa r\u00e9tention et son engagement.<\/span><\/p>\t\t\t\t\t\t\t\t<\/div>\n\t\t\t\t<\/div>\n\t\t\t\t<div class=\"elementor-element elementor-element-a2ac4fb elementor-widget elementor-widget-heading\" data-id=\"a2ac4fb\" data-element_type=\"widget\" data-e-type=\"widget\" data-widget_type=\"heading.default\">\n\t\t\t\t<div class=\"elementor-widget-container\">\n\t\t\t\t\t<h3 class=\"elementor-heading-title elementor-size-default\">D\u00e9veloppement et besoins de formation<\/h3>\t\t\t\t<\/div>\n\t\t\t\t<\/div>\n\t\t\t\t<div class=\"elementor-element elementor-element-4ba246a elementor-widget elementor-widget-text-editor\" data-id=\"4ba246a\" data-element_type=\"widget\" data-e-type=\"widget\" data-widget_type=\"text-editor.default\">\n\t\t\t\t<div class=\"elementor-widget-container\">\n\t\t\t\t\t\t\t\t\t<ol start=\"13\"><li><b> Quelles comp\u00e9tences souhaitez-vous d\u00e9velopper pour atteindre vos objectifs ?<\/b><\/li><\/ol><p><span style=\"font-weight: 400;\">Cette question met en lumi\u00e8re les besoins en formation et contribue \u00e0 construire un plan de d\u00e9veloppement adapt\u00e9, valorisant l\u2019engagement de l\u2019entreprise dans la progression de ses talents.<\/span><\/p><p>\u00a0<\/p><ol start=\"14\"><li><b> Quels outils ou ressources pourraient vous aider \u00e0 \u00eatre plus efficace ?<\/b><\/li><\/ol><p><span style=\"font-weight: 400;\">En identifiant les moyens n\u00e9cessaires, vous montrez votre volont\u00e9 de lever les freins \u00e0 la performance et d\u2019accompagner le collaborateur dans sa mont\u00e9e en comp\u00e9tences.<\/span><\/p><p>\u00a0<\/p><ol start=\"15\"><li><b> Y a-t-il un projet particulier que vous aimeriez proposer ou mener ?<\/b><\/li><\/ol><p><span style=\"font-weight: 400;\">Une opportunit\u00e9 pour encourager l\u2019esprit d\u2019initiative, tout en renfor\u00e7ant l\u2019implication du collaborateur en lui offrant des missions align\u00e9es avec ses int\u00e9r\u00eats.<\/span><\/p>\t\t\t\t\t\t\t\t<\/div>\n\t\t\t\t<\/div>\n\t\t\t\t<div class=\"elementor-element elementor-element-df2b36e elementor-widget elementor-widget-heading\" data-id=\"df2b36e\" data-element_type=\"widget\" data-e-type=\"widget\" data-widget_type=\"heading.default\">\n\t\t\t\t<div class=\"elementor-widget-container\">\n\t\t\t\t\t<h3 class=\"elementor-heading-title elementor-size-default\">Environnement de travail et culture d\u2019entreprise<\/h3>\t\t\t\t<\/div>\n\t\t\t\t<\/div>\n\t\t\t\t<div class=\"elementor-element elementor-element-d83b95c elementor-widget elementor-widget-text-editor\" data-id=\"d83b95c\" data-element_type=\"widget\" data-e-type=\"widget\" data-widget_type=\"text-editor.default\">\n\t\t\t\t<div class=\"elementor-widget-container\">\n\t\t\t\t\t\t\t\t\t<ol start=\"16\"><li><b> Quels \u00e9l\u00e9ments de votre environnement de travail appr\u00e9ciez-vous le plus ?<\/b><\/li><\/ol><p><span style=\"font-weight: 400;\">Mettre en lumi\u00e8re les points positifs contribue \u00e0 renforcer l\u2019engagement et \u00e0 pr\u00e9server les pratiques qui fonctionnent bien.<\/span><\/p><ol start=\"17\"><li><b> Quels aspects aimeriez-vous voir am\u00e9lior\u00e9s dans votre quotidien ?<\/b><\/li><\/ol><p><span style=\"font-weight: 400;\">Cette question ouvre la porte \u00e0 des propositions d\u2019am\u00e9lioration concr\u00e8tes pour optimiser l\u2019exp\u00e9rience collaborateur et l\u2019efficacit\u00e9.<\/span><\/p><ol start=\"18\"><li><b> Quelles actions de soutien ou d\u2019accompagnement ont \u00e9t\u00e9 les plus utiles cette ann\u00e9e ?<\/b><\/li><\/ol><p><span style=\"font-weight: 400;\">Encouragez l\u2019esprit d\u2019\u00e9quipe et la co-construction pour r\u00e9soudre les tensions ou inefficacit\u00e9s. Cela permet de renforcer la relation manag\u00e9riale en ajustant les attentes et les soutiens. <\/span><\/p>\t\t\t\t\t\t\t\t<\/div>\n\t\t\t\t<\/div>\n\t\t\t\t<div class=\"elementor-element elementor-element-43d2e66 elementor-widget elementor-widget-heading\" data-id=\"43d2e66\" data-element_type=\"widget\" data-e-type=\"widget\" data-widget_type=\"heading.default\">\n\t\t\t\t<div class=\"elementor-widget-container\">\n\t\t\t\t\t<h3 class=\"elementor-heading-title elementor-size-default\">Feedback et Conclusion<\/h3>\t\t\t\t<\/div>\n\t\t\t\t<\/div>\n\t\t\t\t<div class=\"elementor-element elementor-element-7c4dbe4 elementor-widget elementor-widget-text-editor\" data-id=\"7c4dbe4\" data-element_type=\"widget\" data-e-type=\"widget\" data-widget_type=\"text-editor.default\">\n\t\t\t\t<div class=\"elementor-widget-container\">\n\t\t\t\t\t\t\t\t\t<ol start=\"19\"><li><b> Avez-vous des suggestions pour am\u00e9liorer notre mani\u00e8re de travailler ensemble ?<\/b><\/li><\/ol><p><span style=\"font-weight: 400;\">Recueillez un retour direct sur votre style de management et sur l\u2019organisation globale de l\u2019entreprise afin de favoriser une relation collaborative et transparente.\u00a0<\/span><\/p><ol start=\"20\"><li><b> Y a-t-il un sujet que nous n\u2019avons pas abord\u00e9 et que vous souhaitez discuter ? <\/b><span style=\"font-weight: 400;\">Terminer sur une question ouverte montre votre volont\u00e9 d\u2019\u00e9coute et d\u2019inclusion, tout en laissant la possibilit\u00e9 d\u2019aborder des pr\u00e9occupations sp\u00e9cifiques.<\/span><\/li><\/ol><p><span style=\"font-weight: 400;\">Pour des situations plus d\u00e9licates, apprenez \u00e0 g\u00e9rer un <\/span><span style=\"font-weight: 400;\">entretien professionnel qui se passe mal<\/span><span style=\"font-weight: 400;\"> avec nos conseils pratiques. <\/span><span style=\"font-weight: 400;\">L\u2019entretien annuel, bien pr\u00e9par\u00e9, est bien plus qu\u2019une formalit\u00e9 : c\u2019est un levier strat\u00e9gique pour renforcer l\u2019engagement, d\u00e9tecter les opportunit\u00e9s de progression et consolider la relation manager-collaborateur. <\/span><span style=\"font-weight: 400;\">En vous inspirant de ces 20 questions, vous adoptez une approche compl\u00e8te, centr\u00e9e \u00e0 la fois sur les besoins du collaborateur et les objectifs de l\u2019entreprise.<\/span><\/p>\t\t\t\t\t\t\t\t<\/div>\n\t\t\t\t<\/div>\n\t\t\t\t\t<\/div>\n\t\t\t\t<\/div>\n\t\t<div class=\"elementor-element elementor-element-2048a072 cta-img e-flex e-con-boxed e-con e-parent\" data-id=\"2048a072\" data-element_type=\"container\" data-e-type=\"container\" data-settings=\"{&quot;background_background&quot;:&quot;classic&quot;}\">\n\t\t\t\t\t<div class=\"e-con-inner\">\n\t\t<div class=\"elementor-element elementor-element-aa36a5e e-flex e-con-boxed e-con e-child\" data-id=\"aa36a5e\" data-element_type=\"container\" data-e-type=\"container\">\n\t\t\t\t\t<div class=\"e-con-inner\">\n\t\t\t\t<div class=\"elementor-element elementor-element-f2830aa elementor-widget elementor-widget-heading\" data-id=\"f2830aa\" data-element_type=\"widget\" data-e-type=\"widget\" data-widget_type=\"heading.default\">\n\t\t\t\t<div class=\"elementor-widget-container\">\n\t\t\t\t\t<p class=\"elementor-heading-title elementor-size-default\">12 trames pour des entretiens structur\u00e9s et efficaces<\/p>\t\t\t\t<\/div>\n\t\t\t\t<\/div>\n\t\t\t\t<div class=\"elementor-element elementor-element-58e1485d elementor-widget elementor-widget-text-editor\" data-id=\"58e1485d\" data-element_type=\"widget\" data-e-type=\"widget\" data-widget_type=\"text-editor.default\">\n\t\t\t\t<div class=\"elementor-widget-container\">\n\t\t\t\t\t\t\t\t\t<p>Simplifiez la pr\u00e9paration de vos campagnes d&rsquo;entretiens gr\u00e2ce \u00e0 des mod\u00e8les adapt\u00e9s \u00e0 chaque situation.<\/p>\t\t\t\t\t\t\t\t<\/div>\n\t\t\t\t<\/div>\n\t\t\t\t<div class=\"elementor-element elementor-element-57787154 elementor-widget elementor-widget-button\" data-id=\"57787154\" data-element_type=\"widget\" data-e-type=\"widget\" data-widget_type=\"button.default\">\n\t\t\t\t<div class=\"elementor-widget-container\">\n\t\t\t\t\t\t\t\t\t<div class=\"elementor-button-wrapper\">\n\t\t\t\t\t<a class=\"elementor-button elementor-button-link elementor-size-sm\" href=\"https:\/\/info.lucca.fr\/l\/950782\/2024-12-13\/5ywp94\" target=\"_blank\" rel=\"nofollow\">\n\t\t\t\t\t\t<span class=\"elementor-button-content-wrapper\">\n\t\t\t\t\t\t\t\t\t<span class=\"elementor-button-text\">T\u00e9l\u00e9charger les trames<\/span>\n\t\t\t\t\t<\/span>\n\t\t\t\t\t<\/a>\n\t\t\t\t<\/div>\n\t\t\t\t\t\t\t\t<\/div>\n\t\t\t\t<\/div>\n\t\t\t\t\t<\/div>\n\t\t\t\t<\/div>\n\t\t\t\t\t<\/div>\n\t\t\t\t<\/div>\n\t\t\t\t<\/div>\n\t\t","protected":false},"excerpt":{"rendered":"<p>L\u2019entretien annuel est une opportunit\u00e9 unique pour faire le bilan de l\u2019ann\u00e9e, renforcer l\u2019engagement des collaborateurs et planifier l\u2019avenir. Ce moment d\u2019\u00e9change permet d\u2019instaurer un dialogue constructif entre manager et salari\u00e9, en abordant des aspects&#8230;<\/p>\n","protected":false},"author":12,"featured_media":30168,"comment_status":"closed","ping_status":"closed","sticky":false,"template":"","format":"standard","meta":{"inline_featured_image":false,"footnotes":""},"categories":[156],"tags":[],"post_folder":[],"class_list":["post-27245","post","type-post","status-publish","format-standard","has-post-thumbnail","hentry","category-competences-carrieres"],"_links":{"self":[{"href":"https:\/\/www.lucca.fr\/magazine\/wp-json\/wp\/v2\/posts\/27245","targetHints":{"allow":["GET"]}}],"collection":[{"href":"https:\/\/www.lucca.fr\/magazine\/wp-json\/wp\/v2\/posts"}],"about":[{"href":"https:\/\/www.lucca.fr\/magazine\/wp-json\/wp\/v2\/types\/post"}],"author":[{"embeddable":true,"href":"https:\/\/www.lucca.fr\/magazine\/wp-json\/wp\/v2\/users\/12"}],"replies":[{"embeddable":true,"href":"https:\/\/www.lucca.fr\/magazine\/wp-json\/wp\/v2\/comments?post=27245"}],"version-history":[{"count":4,"href":"https:\/\/www.lucca.fr\/magazine\/wp-json\/wp\/v2\/posts\/27245\/revisions"}],"predecessor-version":[{"id":30634,"href":"https:\/\/www.lucca.fr\/magazine\/wp-json\/wp\/v2\/posts\/27245\/revisions\/30634"}],"wp:featuredmedia":[{"embeddable":true,"href":"https:\/\/www.lucca.fr\/magazine\/wp-json\/wp\/v2\/media\/30168"}],"wp:attachment":[{"href":"https:\/\/www.lucca.fr\/magazine\/wp-json\/wp\/v2\/media?parent=27245"}],"wp:term":[{"taxonomy":"category","embeddable":true,"href":"https:\/\/www.lucca.fr\/magazine\/wp-json\/wp\/v2\/categories?post=27245"},{"taxonomy":"post_tag","embeddable":true,"href":"https:\/\/www.lucca.fr\/magazine\/wp-json\/wp\/v2\/tags?post=27245"},{"taxonomy":"post_folder","embeddable":true,"href":"https:\/\/www.lucca.fr\/magazine\/wp-json\/wp\/v2\/post_folder?post=27245"}],"curies":[{"name":"wp","href":"https:\/\/api.w.org\/{rel}","templated":true}]}}