{"id":32361,"date":"2025-07-17T10:49:52","date_gmt":"2025-07-17T09:49:52","guid":{"rendered":"https:\/\/www.lucca.fr\/magazine\/?p=32361"},"modified":"2026-04-20T14:21:22","modified_gmt":"2026-04-20T13:21:22","slug":"difference-rtt-recuperation","status":"publish","type":"post","link":"https:\/\/www.lucca.fr\/magazine\/administration\/conges-et-absences\/difference-rtt-recuperation","title":{"rendered":"RTT et r\u00e9cup\u00e9ration : quelles diff\u00e9rences ?\u00a0"},"content":{"rendered":"\t\t<div data-elementor-type=\"wp-post\" data-elementor-id=\"32361\" class=\"elementor elementor-32361\" data-elementor-post-type=\"post\">\n\t\t\t\t<div class=\"elementor-element elementor-element-feeef5f e-flex e-con-boxed e-con e-parent\" data-id=\"feeef5f\" data-element_type=\"container\" data-e-type=\"container\">\n\t\t\t\t\t<div class=\"e-con-inner\">\n\t\t\t\t<div class=\"elementor-element elementor-element-2274358 elementor-widget elementor-widget-text-editor\" data-id=\"2274358\" data-element_type=\"widget\" data-e-type=\"widget\" data-widget_type=\"text-editor.default\">\n\t\t\t\t<div class=\"elementor-widget-container\">\n\t\t\t\t\t\t\t\t\t<p><span style=\"font-weight: 400;\">Les RTT et la r\u00e9cup\u00e9ration sont deux m\u00e9canismes de compensation des heures de travail. N\u00e9anmoins, ils pr\u00e9sentent des diff\u00e9rences notables qu\u2019il est important de conna\u00eetre pour bien <\/span><a href=\"https:\/\/www.lucca.fr\/magazine\/administration\/conges-et-absences\/gestion-rtt\"><span style=\"font-weight: 400;\">g\u00e9rer les RTT<\/span><\/a><span style=\"font-weight: 400;\"> et la r\u00e9cup\u00e9ration dans son entreprise.<\/span><\/p>\t\t\t\t\t\t\t\t<\/div>\n\t\t\t\t<\/div>\n\t\t\t\t\t<\/div>\n\t\t\t\t<\/div>\n\t\t<div class=\"elementor-element elementor-element-5b68a314 e-flex e-con-boxed e-con e-parent\" data-id=\"5b68a314\" data-element_type=\"container\" data-e-type=\"container\">\n\t\t\t\t\t<div class=\"e-con-inner\">\n\t\t\t\t<div class=\"elementor-element elementor-element-4e6a8c60 elementor-widget elementor-widget-heading\" data-id=\"4e6a8c60\" data-element_type=\"widget\" data-e-type=\"widget\" data-widget_type=\"heading.default\">\n\t\t\t\t<div class=\"elementor-widget-container\">\n\t\t\t\t\t<p class=\"elementor-heading-title elementor-size-default\">L'article en 1 minute<\/p>\t\t\t\t<\/div>\n\t\t\t\t<\/div>\n\t\t\t\t<div class=\"elementor-element elementor-element-3d945755 elementor-widget elementor-widget-text-editor\" data-id=\"3d945755\" data-element_type=\"widget\" data-e-type=\"widget\" data-widget_type=\"text-editor.default\">\n\t\t\t\t<div class=\"elementor-widget-container\">\n\t\t\t\t\t\t\t\t\t<ul><li style=\"font-weight: 400;\" aria-level=\"1\"><span style=\"font-weight: 400;\">Cadre l\u00e9gal : les RTT compensent les heures au-del\u00e0 de 35h, la r\u00e9cup\u00e9ration compense des heures perdues.<\/span><\/li><li style=\"font-weight: 400;\" aria-level=\"1\"><span style=\"font-weight: 400;\">Mise en place : les RTT sont simples \u00e0 poser, la r\u00e9cup\u00e9ration impose des d\u00e9marches.<\/span><\/li><li style=\"font-weight: 400;\" aria-level=\"1\"><span style=\"font-weight: 400;\">R\u00e9mun\u00e9ration : les RTT maintiennent le salaire, la r\u00e9cup\u00e9ration est pay\u00e9e sans majoration.<\/span><\/li><\/ul>\t\t\t\t\t\t\t\t<\/div>\n\t\t\t\t<\/div>\n\t\t\t\t\t<\/div>\n\t\t\t\t<\/div>\n\t\t<div class=\"elementor-element elementor-element-5edb95c1 e-con-full e-flex e-con e-parent\" data-id=\"5edb95c1\" data-element_type=\"container\" data-e-type=\"container\" data-settings=\"{&quot;background_background&quot;:&quot;classic&quot;}\">\n\t\t\t\t<div class=\"elementor-element elementor-element-7df0a3a elementor-widget elementor-widget-heading\" data-id=\"7df0a3a\" data-element_type=\"widget\" data-e-type=\"widget\" data-widget_type=\"heading.default\">\n\t\t\t\t<div class=\"elementor-widget-container\">\n\t\t\t\t\t<p class=\"elementor-heading-title elementor-size-default\">Allez \u00e0 l'essentiel<\/p>\t\t\t\t<\/div>\n\t\t\t\t<\/div>\n\t\t\t\t<div class=\"elementor-element elementor-element-3e80b24 elementor-widget elementor-widget-text-editor\" data-id=\"3e80b24\" data-element_type=\"widget\" data-e-type=\"widget\" data-widget_type=\"text-editor.default\">\n\t\t\t\t<div class=\"elementor-widget-container\">\n\t\t\t\t\t\t\t\t\t<p>Obtenez un r\u00e9sum\u00e9 clair et structur\u00e9 pour rep\u00e9rer rapidement les points cl\u00e9s.<\/p>\t\t\t\t\t\t\t\t<\/div>\n\t\t\t\t<\/div>\n\t\t<div class=\"elementor-element elementor-element-2a86a6fe e-con-full e-flex e-con e-child\" data-id=\"2a86a6fe\" data-element_type=\"container\" data-e-type=\"container\">\n\t\t<a class=\"elementor-element elementor-element-3641e9ec e-con-full e-flex e-con e-child\" data-id=\"3641e9ec\" data-element_type=\"container\" data-e-type=\"container\" data-settings=\"{&quot;background_background&quot;:&quot;classic&quot;}\" href=\"https:\/\/chat.openai.com\/?q=Fais+un+r%C3%A9sum%C3%A9+structur%C3%A9+de+cet+article+https%3A%2F%2Fwww.lucca.fr%2Fmagazine%2Fadministration%2Fconges-et-absences%2Fdifference-rtt-recuperation+%3A+id%C3%A9es+principales%2C+points+cl%C3%A9s+%28bullets%29%2C+2-3+actions+concr%C3%A8tes.\" target=\"_blank\">\n\t\t\t\t<div class=\"elementor-element elementor-element-2944486e elementor-widget elementor-widget-image\" data-id=\"2944486e\" data-element_type=\"widget\" data-e-type=\"widget\" data-widget_type=\"image.default\">\n\t\t\t\t<div class=\"elementor-widget-container\">\n\t\t\t\t\t\t\t\t\t\t\t\t\t\t\t<img decoding=\"async\" src=\"https:\/\/www.lucca.fr\/magazine\/wp-content\/uploads\/2026\/04\/chatgpt.svg\" title=\"chatgpt\" alt=\"chatgpt\" loading=\"lazy\" \/>\t\t\t\t\t\t\t\t\t\t\t\t\t\t\t<\/div>\n\t\t\t\t<\/div>\n\t\t\t\t<div class=\"elementor-element elementor-element-a58f5ba elementor-widget elementor-widget-text-editor\" data-id=\"a58f5ba\" data-element_type=\"widget\" data-e-type=\"widget\" data-widget_type=\"text-editor.default\">\n\t\t\t\t<div class=\"elementor-widget-container\">\n\t\t\t\t\t\t\t\t\t<p>Chatgpt<\/p>\t\t\t\t\t\t\t\t<\/div>\n\t\t\t\t<\/div>\n\t\t\t\t<\/a>\n\t\t<a class=\"elementor-element elementor-element-297715b0 e-con-full e-flex e-con e-child\" data-id=\"297715b0\" data-element_type=\"container\" data-e-type=\"container\" data-settings=\"{&quot;background_background&quot;:&quot;classic&quot;}\" href=\"https:\/\/gemini.google.com\/guided-learning?query=Fais+un+r%C3%A9sum%C3%A9+structur%C3%A9+de+cet+article+https%3A%2F%2Fwww.lucca.fr%2Fmagazine%2Fadministration%2Fconges-et-absences%2Fdifference-rtt-recuperation+%3A+id%C3%A9es+principales%2C+points+cl%C3%A9s+%28bullets%29%2C+2-3+actions+concr%C3%A8tes.\" target=\"_blank\">\n\t\t\t\t<div class=\"elementor-element elementor-element-53a3c766 elementor-widget elementor-widget-image\" data-id=\"53a3c766\" data-element_type=\"widget\" data-e-type=\"widget\" data-widget_type=\"image.default\">\n\t\t\t\t<div class=\"elementor-widget-container\">\n\t\t\t\t\t\t\t\t\t\t\t\t\t\t\t<img decoding=\"async\" src=\"https:\/\/www.lucca.fr\/magazine\/wp-content\/uploads\/2026\/04\/ico-gemini.svg\" title=\"ico-gemini\" alt=\"ico-gemini\" loading=\"lazy\" \/>\t\t\t\t\t\t\t\t\t\t\t\t\t\t\t<\/div>\n\t\t\t\t<\/div>\n\t\t\t\t<div class=\"elementor-element elementor-element-7454e8bc elementor-widget elementor-widget-text-editor\" data-id=\"7454e8bc\" data-element_type=\"widget\" data-e-type=\"widget\" data-widget_type=\"text-editor.default\">\n\t\t\t\t<div class=\"elementor-widget-container\">\n\t\t\t\t\t\t\t\t\t<p>Gemini<\/p>\t\t\t\t\t\t\t\t<\/div>\n\t\t\t\t<\/div>\n\t\t\t\t<\/a>\n\t\t<a class=\"elementor-element elementor-element-555bf82f e-con-full e-flex e-con e-child\" data-id=\"555bf82f\" data-element_type=\"container\" data-e-type=\"container\" data-settings=\"{&quot;background_background&quot;:&quot;classic&quot;}\" href=\"https:\/\/claude.ai\/new?q=Fais+un+r%C3%A9sum%C3%A9+structur%C3%A9+de+cet+article+https%3A%2F%2Fwww.lucca.fr%2Fmagazine%2Fadministration%2Fconges-et-absences%2Fdifference-rtt-recuperation+%3A+id%C3%A9es+principales%2C+points+cl%C3%A9s+%28bullets%29%2C+2-3+actions+concr%C3%A8tes.\" target=\"_blank\">\n\t\t\t\t<div class=\"elementor-element elementor-element-789d5c6 elementor-widget elementor-widget-image\" data-id=\"789d5c6\" data-element_type=\"widget\" data-e-type=\"widget\" data-widget_type=\"image.default\">\n\t\t\t\t<div class=\"elementor-widget-container\">\n\t\t\t\t\t\t\t\t\t\t\t\t\t\t\t<img decoding=\"async\" src=\"https:\/\/www.lucca.fr\/magazine\/wp-content\/uploads\/2026\/04\/claude.svg\" title=\"claude\" alt=\"claude\" loading=\"lazy\" \/>\t\t\t\t\t\t\t\t\t\t\t\t\t\t\t<\/div>\n\t\t\t\t<\/div>\n\t\t\t\t<div class=\"elementor-element elementor-element-33ba1c91 elementor-widget elementor-widget-text-editor\" data-id=\"33ba1c91\" data-element_type=\"widget\" data-e-type=\"widget\" data-widget_type=\"text-editor.default\">\n\t\t\t\t<div class=\"elementor-widget-container\">\n\t\t\t\t\t\t\t\t\t<p>Claude<\/p>\t\t\t\t\t\t\t\t<\/div>\n\t\t\t\t<\/div>\n\t\t\t\t<\/a>\n\t\t\t\t<\/div>\n\t\t\t\t<\/div>\n\t\t<div class=\"elementor-element elementor-element-99d18d4 e-flex e-con-boxed e-con e-parent\" data-id=\"99d18d4\" data-element_type=\"container\" data-e-type=\"container\">\n\t\t\t\t\t<div class=\"e-con-inner\">\n\t\t\t\t<div class=\"elementor-element elementor-element-1a764b5 elementor-toc--minimized-on-tablet elementor-widget elementor-widget-table-of-contents\" data-id=\"1a764b5\" data-element_type=\"widget\" data-e-type=\"widget\" data-settings=\"{&quot;exclude_headings_by_selector&quot;:[],&quot;no_headings_message&quot;:&quot;Aucun titre n\\u2019a \\u00e9t\\u00e9 trouv\\u00e9 sur cette page.&quot;,&quot;headings_by_tags&quot;:[&quot;h2&quot;,&quot;h3&quot;,&quot;h4&quot;,&quot;h5&quot;,&quot;h6&quot;],&quot;marker_view&quot;:&quot;numbers&quot;,&quot;minimize_box&quot;:&quot;yes&quot;,&quot;minimized_on&quot;:&quot;tablet&quot;,&quot;hierarchical_view&quot;:&quot;yes&quot;,&quot;min_height&quot;:{&quot;unit&quot;:&quot;px&quot;,&quot;size&quot;:&quot;&quot;,&quot;sizes&quot;:[]},&quot;min_height_tablet&quot;:{&quot;unit&quot;:&quot;px&quot;,&quot;size&quot;:&quot;&quot;,&quot;sizes&quot;:[]},&quot;min_height_mobile&quot;:{&quot;unit&quot;:&quot;px&quot;,&quot;size&quot;:&quot;&quot;,&quot;sizes&quot;:[]}}\" data-widget_type=\"table-of-contents.default\">\n\t\t\t\t<div class=\"elementor-widget-container\">\n\t\t\t\t\t\t\t\t\t<div class=\"elementor-toc__header\">\n\t\t\t\t\t\t<div class=\"elementor-toc__header-title\">\n\t\t\t\tSommaire\t\t\t<\/div>\n\t\t\t\t\t\t\t\t\t\t<div class=\"elementor-toc__toggle-button elementor-toc__toggle-button--expand\" role=\"button\" tabindex=\"0\" aria-controls=\"elementor-toc__1a764b5\" aria-expanded=\"true\" aria-label=\"Ouvrir la table des mati\u00e8res\"><svg aria-hidden=\"true\" class=\"e-font-icon-svg e-fas-chevron-down\" viewBox=\"0 0 448 512\" xmlns=\"http:\/\/www.w3.org\/2000\/svg\"><path d=\"M207.029 381.476L12.686 187.132c-9.373-9.373-9.373-24.569 0-33.941l22.667-22.667c9.357-9.357 24.522-9.375 33.901-.04L224 284.505l154.745-154.021c9.379-9.335 24.544-9.317 33.901.04l22.667 22.667c9.373 9.373 9.373 24.569 0 33.941L240.971 381.476c-9.373 9.372-24.569 9.372-33.942 0z\"><\/path><\/svg><\/div>\n\t\t\t\t<div class=\"elementor-toc__toggle-button elementor-toc__toggle-button--collapse\" role=\"button\" tabindex=\"0\" aria-controls=\"elementor-toc__1a764b5\" aria-expanded=\"true\" aria-label=\"Fermer la table des mati\u00e8res\"><svg aria-hidden=\"true\" class=\"e-font-icon-svg e-fas-chevron-up\" viewBox=\"0 0 448 512\" xmlns=\"http:\/\/www.w3.org\/2000\/svg\"><path d=\"M240.971 130.524l194.343 194.343c9.373 9.373 9.373 24.569 0 33.941l-22.667 22.667c-9.357 9.357-24.522 9.375-33.901.04L224 227.495 69.255 381.516c-9.379 9.335-24.544 9.317-33.901-.04l-22.667-22.667c-9.373-9.373-9.373-24.569 0-33.941L207.03 130.525c9.372-9.373 24.568-9.373 33.941-.001z\"><\/path><\/svg><\/div>\n\t\t\t\t\t<\/div>\n\t\t\t\t<div id=\"elementor-toc__1a764b5\" class=\"elementor-toc__body\">\n\t\t\t<div class=\"elementor-toc__spinner-container\">\n\t\t\t\t<svg class=\"elementor-toc__spinner eicon-animation-spin e-font-icon-svg e-eicon-loading\" aria-hidden=\"true\" viewBox=\"0 0 1000 1000\" xmlns=\"http:\/\/www.w3.org\/2000\/svg\"><path d=\"M500 975V858C696 858 858 696 858 500S696 142 500 142 142 304 142 500H25C25 237 238 25 500 25S975 237 975 500 763 975 500 975Z\"><\/path><\/svg>\t\t\t<\/div>\n\t\t<\/div>\n\t\t\t\t\t\t<\/div>\n\t\t\t\t<\/div>\n\t\t\t\t<div class=\"elementor-element elementor-element-08a3946 elementor-widget elementor-widget-heading\" data-id=\"08a3946\" data-element_type=\"widget\" data-e-type=\"widget\" data-widget_type=\"heading.default\">\n\t\t\t\t<div class=\"elementor-widget-container\">\n\t\t\t\t\t<h2 class=\"elementor-heading-title elementor-size-default\">RTT et heures de r\u00e9cup\u00e9ration : d\u00e9finition et cadre l\u00e9gal\n<\/h2>\t\t\t\t<\/div>\n\t\t\t\t<\/div>\n\t\t\t\t<div class=\"elementor-element elementor-element-bd64091 elementor-widget elementor-widget-text-editor\" data-id=\"bd64091\" data-element_type=\"widget\" data-e-type=\"widget\" data-widget_type=\"text-editor.default\">\n\t\t\t\t<div class=\"elementor-widget-container\">\n\t\t\t\t\t\t\t\t\t<p><span style=\"font-weight: 400;\">Les RTT (R\u00e9duction du Temps de Travail) est un dispositif permettant aux salari\u00e9s de compenser un temps de travail sup\u00e9rieur \u00e0 35 heures par semaine sous forme de journ\u00e9es ou demi-journ\u00e9es de repos. Ils peuvent \u00eatre d\u00e9cid\u00e9s par l\u2019employeur, on parle de <\/span><a href=\"https:\/\/www.lucca.fr\/magazine\/administration\/conges-et-absences\/rtt-imposes\"><span style=\"font-weight: 400;\">RTT impos\u00e9s<\/span><\/a><span style=\"font-weight: 400;\"> ou choisis par le salari\u00e9.<\/span><\/p><p><span style=\"font-weight: 400;\">Contrairement aux RTT, la r\u00e9cup\u00e9ration ne s\u2019applique qu\u2019\u00e0 des heures perdues en dessous de la dur\u00e9e l\u00e9gale de travail. Cette solution, r\u00e9serv\u00e9e \u00e0 l\u2019employeur, lui permet de mettre en place des heures de r\u00e9cup\u00e9ration pour compenser la r\u00e9duction du travail lorsque les salari\u00e9s se trouvent dans l\u2019impossibilit\u00e9 d\u2019exercer leurs fonctions en raison :<\/span><\/p><ul><li style=\"font-weight: 400;\" aria-level=\"1\"><span style=\"font-weight: 400;\">d\u2019intemp\u00e9ries, accident ou force majeure ;<\/span><\/li><li style=\"font-weight: 400;\" aria-level=\"1\"><span style=\"font-weight: 400;\">d\u2019inventaire ;<\/span><\/li><li style=\"font-weight: 400;\" aria-level=\"1\"><span style=\"font-weight: 400;\">de ch\u00f4mage d\u2019un ou deux jours ouvrables (<\/span><a href=\"https:\/\/www.legifrance.gouv.fr\/codes\/article_lc\/LEGIARTI000033020250\"><span style=\"font-weight: 400;\">article L3121-50 du Code du travail<\/span><\/a><span style=\"font-weight: 400;\">).<\/span><\/li><\/ul><p><span style=\"font-weight: 400;\">\u00c0 la diff\u00e9rence des RTT, qui sont r\u00e9gis par un accord collectif, les heures de r\u00e9cup\u00e9ration sont encadr\u00e9es par le Code du travail.<\/span><\/p>\t\t\t\t\t\t\t\t<\/div>\n\t\t\t\t<\/div>\n\t\t\t\t<div class=\"elementor-element elementor-element-82942e6 elementor-widget elementor-widget-heading\" data-id=\"82942e6\" data-element_type=\"widget\" data-e-type=\"widget\" data-widget_type=\"heading.default\">\n\t\t\t\t<div class=\"elementor-widget-container\">\n\t\t\t\t\t<h2 class=\"elementor-heading-title elementor-size-default\">Quelles sont les diff\u00e9rences entre les RTT et la r\u00e9cup\u00e9ration ?\n<\/h2>\t\t\t\t<\/div>\n\t\t\t\t<\/div>\n\t\t\t\t<div class=\"elementor-element elementor-element-87c5364 elementor-widget elementor-widget-heading\" data-id=\"87c5364\" data-element_type=\"widget\" data-e-type=\"widget\" data-widget_type=\"heading.default\">\n\t\t\t\t<div class=\"elementor-widget-container\">\n\t\t\t\t\t<h3 class=\"elementor-heading-title elementor-size-default\">Des diff\u00e9rences d\u2019organisation\n<\/h3>\t\t\t\t<\/div>\n\t\t\t\t<\/div>\n\t\t\t\t<div class=\"elementor-element elementor-element-960a84e elementor-widget elementor-widget-text-editor\" data-id=\"960a84e\" data-element_type=\"widget\" data-e-type=\"widget\" data-widget_type=\"text-editor.default\">\n\t\t\t\t<div class=\"elementor-widget-container\">\n\t\t\t\t\t\t\t\t\t<p><span style=\"font-weight: 400;\">Les RTT sont simples \u00e0 planifier. Il suffit pour l\u2019employeur ou le salari\u00e9 de poser un RTT. Lorsque l\u2019entreprise est \u00e9quip\u00e9e d\u2019un logiciel de gestion des temps, c\u2019est encore plus simple : le d\u00e9compte des RTT se fait automatiquement et les RH, managers et salari\u00e9s sont automatiquement alert\u00e9s.\u00a0\u00a0<\/span><span style=\"font-weight: 400;\">\u00a0<\/span><\/p><p><span style=\"font-weight: 400;\">Pour la r\u00e9cup\u00e9ration, c\u2019est plus compliqu\u00e9. Pour la mettre en place, l\u2019employeur doit respecter les \u00e9tapes suivantes :<\/span><\/p><ul><li style=\"font-weight: 400;\" aria-level=\"1\"><span style=\"font-weight: 400;\">consulter le CSE ;<\/span><\/li><li style=\"font-weight: 400;\" aria-level=\"1\"><span style=\"font-weight: 400;\">informer les salari\u00e9s ;<\/span><\/li><li style=\"font-weight: 400;\" aria-level=\"1\"><span style=\"font-weight: 400;\">informer l\u2019Inspecteur du travail en lui fournissant les modalit\u00e9s de r\u00e9cup\u00e9ration.<\/span><\/li><\/ul><table><tbody><tr><td><p><span style=\"font-weight: 400;\">\u00c0 noter : les heures de r\u00e9cup\u00e9ration doivent \u00eatre effectu\u00e9es dans les 12 mois pr\u00e9c\u00e9dant ou suivant l\u2019interruption de travail \u00e0 compenser.<\/span><\/p><\/td><\/tr><\/tbody><\/table>\t\t\t\t\t\t\t\t<\/div>\n\t\t\t\t<\/div>\n\t\t\t\t<div class=\"elementor-element elementor-element-1be8ff3 elementor-widget elementor-widget-heading\" data-id=\"1be8ff3\" data-element_type=\"widget\" data-e-type=\"widget\" data-widget_type=\"heading.default\">\n\t\t\t\t<div class=\"elementor-widget-container\">\n\t\t\t\t\t<h3 class=\"elementor-heading-title elementor-size-default\">Des diff\u00e9rences de r\u00e9mun\u00e9ration\n<\/h3>\t\t\t\t<\/div>\n\t\t\t\t<\/div>\n\t\t\t\t<div class=\"elementor-element elementor-element-d493576 elementor-widget elementor-widget-text-editor\" data-id=\"d493576\" data-element_type=\"widget\" data-e-type=\"widget\" data-widget_type=\"text-editor.default\">\n\t\t\t\t<div class=\"elementor-widget-container\">\n\t\t\t\t\t\t\t\t\t<p><span style=\"font-weight: 400;\">Lorsqu&rsquo;un salari\u00e9 prend un jour de RTT, sa r\u00e9mun\u00e9ration est maintenue int\u00e9gralement, sans aucune perte de salaire. En cas de <\/span><span style=\"font-weight: 400;\">rachat des RTT<\/span><span style=\"font-weight: 400;\">, l\u2019indemnit\u00e9 vers\u00e9e b\u00e9n\u00e9ficie d\u2019avantages fiscaux.<\/span><\/p><p><span style=\"font-weight: 400;\">\u00a0<\/span><\/p><p><span style=\"font-weight: 400;\">Quant aux heures de r\u00e9cup\u00e9ration, elles ne donnent pas lieu \u00e0 une majoration salariale. Elles sont r\u00e9mun\u00e9r\u00e9es au taux horaire normal.<\/span><\/p><p>\u00a0<\/p><p><span style=\"font-weight: 400;\">En conclusion, si les RTT et les heures de r\u00e9cup\u00e9ration sont deux m\u00e9canismes de compensation des heures de travail, ils pr\u00e9sentent des diff\u00e9rences fondamentales dans leur nature, leur fonctionnement et leur finalit\u00e9. <\/span><\/p>\t\t\t\t\t\t\t\t<\/div>\n\t\t\t\t<\/div>\n\t\t\t\t\t<\/div>\n\t\t\t\t<\/div>\n\t\t<div class=\"elementor-element elementor-element-36a89507 cta-img e-flex e-con-boxed e-con e-parent\" data-id=\"36a89507\" data-element_type=\"container\" data-e-type=\"container\" data-settings=\"{&quot;background_background&quot;:&quot;classic&quot;}\">\n\t\t\t\t\t<div class=\"e-con-inner\">\n\t\t<div class=\"elementor-element elementor-element-cb7853e e-flex e-con-boxed e-con e-child\" data-id=\"cb7853e\" data-element_type=\"container\" data-e-type=\"container\">\n\t\t\t\t\t<div class=\"e-con-inner\">\n\t\t\t\t<div class=\"elementor-element elementor-element-53cbe493 elementor-widget elementor-widget-heading\" data-id=\"53cbe493\" data-element_type=\"widget\" data-e-type=\"widget\" data-widget_type=\"heading.default\">\n\t\t\t\t<div class=\"elementor-widget-container\">\n\t\t\t\t\t<p class=\"elementor-heading-title elementor-size-default\">Gagnez du temps sur la gestion des cong\u00e9s\n<\/p>\t\t\t\t<\/div>\n\t\t\t\t<\/div>\n\t\t\t\t<div class=\"elementor-element elementor-element-ff54db5 elementor-widget elementor-widget-text-editor\" data-id=\"ff54db5\" data-element_type=\"widget\" data-e-type=\"widget\" data-widget_type=\"text-editor.default\">\n\t\t\t\t<div class=\"elementor-widget-container\">\n\t\t\t\t\t\t\t\t\t<p><span style=\"font-weight: 400;\">Retrouvez tout ce que vous devez savoir sur les cong\u00e9s dans notre guide d\u00e9di\u00e9 : nouveaut\u00e9s l\u00e9gales, cong\u00e9s sp\u00e9ciaux, calculs, gestion quotidienne.<\/span><\/p>\t\t\t\t\t\t\t\t<\/div>\n\t\t\t\t<\/div>\n\t\t\t\t<div class=\"elementor-element elementor-element-4361d723 elementor-widget elementor-widget-button\" data-id=\"4361d723\" data-element_type=\"widget\" data-e-type=\"widget\" data-widget_type=\"button.default\">\n\t\t\t\t<div class=\"elementor-widget-container\">\n\t\t\t\t\t\t\t\t\t<div class=\"elementor-button-wrapper\">\n\t\t\t\t\t<a class=\"elementor-button elementor-button-link elementor-size-sm\" href=\"https:\/\/info.lucca.fr\/l\/950782\/2025-03-24\/5z5xhx\" target=\"_blank\" rel=\"nofollow\">\n\t\t\t\t\t\t<span class=\"elementor-button-content-wrapper\">\n\t\t\t\t\t\t\t\t\t<span class=\"elementor-button-text\">Acc\u00e9der au guide<\/span>\n\t\t\t\t\t<\/span>\n\t\t\t\t\t<\/a>\n\t\t\t\t<\/div>\n\t\t\t\t\t\t\t\t<\/div>\n\t\t\t\t<\/div>\n\t\t\t\t\t<\/div>\n\t\t\t\t<\/div>\n\t\t\t\t\t<\/div>\n\t\t\t\t<\/div>\n\t\t\t\t<\/div>\n\t\t","protected":false},"excerpt":{"rendered":"<p>Les RTT et la r\u00e9cup\u00e9ration sont deux m\u00e9canismes de compensation des heures de travail. N\u00e9anmoins, ils pr\u00e9sentent des diff\u00e9rences notables qu\u2019il est important de conna\u00eetre pour bien g\u00e9rer les RTT et la r\u00e9cup\u00e9ration dans son&#8230;<\/p>\n","protected":false},"author":12,"featured_media":32362,"comment_status":"closed","ping_status":"closed","sticky":false,"template":"","format":"standard","meta":{"inline_featured_image":false,"footnotes":""},"categories":[158],"tags":[],"post_folder":[],"class_list":["post-32361","post","type-post","status-publish","format-standard","has-post-thumbnail","hentry","category-conges-et-absences"],"_links":{"self":[{"href":"https:\/\/www.lucca.fr\/magazine\/wp-json\/wp\/v2\/posts\/32361","targetHints":{"allow":["GET"]}}],"collection":[{"href":"https:\/\/www.lucca.fr\/magazine\/wp-json\/wp\/v2\/posts"}],"about":[{"href":"https:\/\/www.lucca.fr\/magazine\/wp-json\/wp\/v2\/types\/post"}],"author":[{"embeddable":true,"href":"https:\/\/www.lucca.fr\/magazine\/wp-json\/wp\/v2\/users\/12"}],"replies":[{"embeddable":true,"href":"https:\/\/www.lucca.fr\/magazine\/wp-json\/wp\/v2\/comments?post=32361"}],"version-history":[{"count":3,"href":"https:\/\/www.lucca.fr\/magazine\/wp-json\/wp\/v2\/posts\/32361\/revisions"}],"predecessor-version":[{"id":42293,"href":"https:\/\/www.lucca.fr\/magazine\/wp-json\/wp\/v2\/posts\/32361\/revisions\/42293"}],"wp:featuredmedia":[{"embeddable":true,"href":"https:\/\/www.lucca.fr\/magazine\/wp-json\/wp\/v2\/media\/32362"}],"wp:attachment":[{"href":"https:\/\/www.lucca.fr\/magazine\/wp-json\/wp\/v2\/media?parent=32361"}],"wp:term":[{"taxonomy":"category","embeddable":true,"href":"https:\/\/www.lucca.fr\/magazine\/wp-json\/wp\/v2\/categories?post=32361"},{"taxonomy":"post_tag","embeddable":true,"href":"https:\/\/www.lucca.fr\/magazine\/wp-json\/wp\/v2\/tags?post=32361"},{"taxonomy":"post_folder","embeddable":true,"href":"https:\/\/www.lucca.fr\/magazine\/wp-json\/wp\/v2\/post_folder?post=32361"}],"curies":[{"name":"wp","href":"https:\/\/api.w.org\/{rel}","templated":true}]}}