{"id":36841,"date":"2025-11-28T15:33:48","date_gmt":"2025-11-28T14:33:48","guid":{"rendered":"https:\/\/www.lucca.fr\/magazine\/?p=36841"},"modified":"2026-03-04T11:38:07","modified_gmt":"2026-03-04T10:38:07","slug":"critere-de-recrutement","status":"publish","type":"post","link":"https:\/\/www.lucca.fr\/magazine\/talents\/recrutement\/critere-de-recrutement","title":{"rendered":"Quels sont les crit\u00e8res de recrutement essentiels pour bien s\u00e9lectionner vos candidats ?"},"content":{"rendered":"\t\t<div data-elementor-type=\"wp-post\" data-elementor-id=\"36841\" class=\"elementor elementor-36841\" data-elementor-post-type=\"post\">\n\t\t\t\t<div class=\"elementor-element elementor-element-6792471 e-flex e-con-boxed e-con e-parent\" data-id=\"6792471\" data-element_type=\"container\" data-e-type=\"container\">\n\t\t\t\t\t<div class=\"e-con-inner\">\n\t\t\t\t<div class=\"elementor-element elementor-element-8fd2d21 elementor-widget elementor-widget-text-editor\" data-id=\"8fd2d21\" data-element_type=\"widget\" data-e-type=\"widget\" data-widget_type=\"text-editor.default\">\n\t\t\t\t<div class=\"elementor-widget-container\">\n\t\t\t\t\t\t\t\t\t<p><span style=\"font-weight: 400;\">Dans un contexte de forte concurrence pour attirer les talents, il ne suffit plus d\u2019analyser des CV pour faire le bon choix. Les recruteurs doivent s\u2019appuyer sur des <\/span><b>crit\u00e8res de recrutement<\/b><span style=\"font-weight: 400;\"> pr\u00e9cis, partag\u00e9s et mesurables. Formalis\u00e9s dans un <\/span><a href=\"https:\/\/www.lucca.fr\/recrutement\/\"><span style=\"font-weight: 400;\">logiciel de recrutement<\/span><\/a><span style=\"font-weight: 400;\">, ils deviennent un v\u00e9ritable cadre de d\u00e9cision, limitant les biais et renfor\u00e7ant la coh\u00e9rence du processus. D\u00e9couvrez comment les d\u00e9finir pour fiabiliser vos embauches.<\/span><\/p>\t\t\t\t\t\t\t\t<\/div>\n\t\t\t\t<\/div>\n\t\t\t\t\t<\/div>\n\t\t\t\t<\/div>\n\t\t<div class=\"elementor-element elementor-element-13f28206 e-flex e-con-boxed e-con e-parent\" data-id=\"13f28206\" data-element_type=\"container\" data-e-type=\"container\">\n\t\t\t\t\t<div class=\"e-con-inner\">\n\t\t\t\t<div class=\"elementor-element elementor-element-5ab85500 elementor-widget elementor-widget-heading\" data-id=\"5ab85500\" data-element_type=\"widget\" data-e-type=\"widget\" data-widget_type=\"heading.default\">\n\t\t\t\t<div class=\"elementor-widget-container\">\n\t\t\t\t\t<p class=\"elementor-heading-title elementor-size-default\">L'article en 1 minute<\/p>\t\t\t\t<\/div>\n\t\t\t\t<\/div>\n\t\t\t\t<div class=\"elementor-element elementor-element-700a25f8 elementor-widget elementor-widget-text-editor\" data-id=\"700a25f8\" data-element_type=\"widget\" data-e-type=\"widget\" data-widget_type=\"text-editor.default\">\n\t\t\t\t<div class=\"elementor-widget-container\">\n\t\t\t\t\t\t\t\t\t<ul><li style=\"font-weight: 400;\" aria-level=\"1\"><span style=\"font-weight: 400;\">les crit\u00e8res de recrutement structurent et fiabilisent le processus de s\u00e9lection des candidats ;<\/span><\/li><li style=\"font-weight: 400;\" aria-level=\"1\"><span style=\"font-weight: 400;\">il est essentiel de combiner comp\u00e9tences techniques, soft skills, valeurs et motivation pour \u00e9valuer un candidat dans sa globalit\u00e9 ;<\/span><\/li><li style=\"font-weight: 400;\" aria-level=\"1\"><span style=\"font-weight: 400;\">la formalisation d\u2019une grille d\u2019\u00e9valuation partag\u00e9e permet d\u2019objectiver les d\u00e9cisions et d\u2019\u00e9viter les biais.<\/span><\/li><\/ul>\t\t\t\t\t\t\t\t<\/div>\n\t\t\t\t<\/div>\n\t\t\t\t\t<\/div>\n\t\t\t\t<\/div>\n\t\t<div class=\"elementor-element elementor-element-4d08e0d e-flex e-con-boxed e-con e-parent\" data-id=\"4d08e0d\" data-element_type=\"container\" data-e-type=\"container\">\n\t\t\t\t\t<div class=\"e-con-inner\">\n\t\t\t\t<div class=\"elementor-element elementor-element-6c39a7e elementor-widget elementor-widget-heading\" data-id=\"6c39a7e\" data-element_type=\"widget\" data-e-type=\"widget\" data-widget_type=\"heading.default\">\n\t\t\t\t<div class=\"elementor-widget-container\">\n\t\t\t\t\t<h2 class=\"elementor-heading-title elementor-size-default\">Pourquoi formaliser ses crit\u00e8res de recrutement ?\n<\/h2>\t\t\t\t<\/div>\n\t\t\t\t<\/div>\n\t\t\t\t<div class=\"elementor-element elementor-element-81ff33e elementor-widget elementor-widget-text-editor\" data-id=\"81ff33e\" data-element_type=\"widget\" data-e-type=\"widget\" data-widget_type=\"text-editor.default\">\n\t\t\t\t<div class=\"elementor-widget-container\">\n\t\t\t\t\t\t\t\t\t<p><span style=\"font-weight: 400;\">Formaliser ses crit\u00e8res de recrutement permet aux recruteurs de baser leur d\u00e9cision sur des faits et des arguments concrets.\u00a0<\/span><\/p><p><span style=\"font-weight: 400;\">Cette formalisation a un <\/span><b>r\u00e9el effet positif<\/b><span style=\"font-weight: 400;\"> :<\/span><\/p><ul><li style=\"font-weight: 400;\" aria-level=\"1\"><span style=\"font-weight: 400;\">elle \u00e9vite les recrutements fond\u00e9s sur des biais psychologiques ;<\/span><\/li><li style=\"font-weight: 400;\" aria-level=\"1\"><span style=\"font-weight: 400;\">elle permet une comparaison \u00e9quitable entre les candidats ;<\/span><\/li><li style=\"font-weight: 400;\" aria-level=\"1\"><span style=\"font-weight: 400;\">elle acc\u00e9l\u00e8re le processus : des crit\u00e8res clairs font gagner un temps pr\u00e9cieux car chacun sait sur quoi baser son \u00e9valuation, permettant ainsi des d\u00e9bats plus courts ;<\/span><\/li><li style=\"font-weight: 400;\" aria-level=\"1\"><span style=\"font-weight: 400;\">elle renforce la tra\u00e7abilit\u00e9 du processus de recrutement en cas de litige ou d\u2019accusation de discrimination \u00e0 l\u2019embauche.<\/span><\/li><\/ul>\t\t\t\t\t\t\t\t<\/div>\n\t\t\t\t<\/div>\n\t\t\t\t<div class=\"elementor-element elementor-element-b404030 elementor-widget elementor-widget-heading\" data-id=\"b404030\" data-element_type=\"widget\" data-e-type=\"widget\" data-widget_type=\"heading.default\">\n\t\t\t\t<div class=\"elementor-widget-container\">\n\t\t\t\t\t<h2 class=\"elementor-heading-title elementor-size-default\">Les 5 types de crit\u00e8res de recrutement \u00e0 prendre en compte\n<\/h2>\t\t\t\t<\/div>\n\t\t\t\t<\/div>\n\t\t\t\t<div class=\"elementor-element elementor-element-c47334a elementor-widget elementor-widget-text-editor\" data-id=\"c47334a\" data-element_type=\"widget\" data-e-type=\"widget\" data-widget_type=\"text-editor.default\">\n\t\t\t\t<div class=\"elementor-widget-container\">\n\t\t\t\t\t\t\t\t\t<p><span style=\"font-weight: 400;\">Lors d\u2019un recrutement, il ne s\u2019agit pas seulement de valider une exp\u00e9rience professionnelle, mais aussi d\u2019\u00e9valuer des comp\u00e9tences, des aspirations et une capacit\u00e9 \u00e0 s\u2019int\u00e9grer dans la culture de l\u2019entreprise.<\/span><\/p>\t\t\t\t\t\t\t\t<\/div>\n\t\t\t\t<\/div>\n\t\t\t\t<div class=\"elementor-element elementor-element-8ef022d elementor-widget elementor-widget-heading\" data-id=\"8ef022d\" data-element_type=\"widget\" data-e-type=\"widget\" data-widget_type=\"heading.default\">\n\t\t\t\t<div class=\"elementor-widget-container\">\n\t\t\t\t\t<h3 class=\"elementor-heading-title elementor-size-default\">Les comp\u00e9tences techniques (hard skills)\n<\/h3>\t\t\t\t<\/div>\n\t\t\t\t<\/div>\n\t\t\t\t<div class=\"elementor-element elementor-element-953f3ca elementor-widget elementor-widget-text-editor\" data-id=\"953f3ca\" data-element_type=\"widget\" data-e-type=\"widget\" data-widget_type=\"text-editor.default\">\n\t\t\t\t<div class=\"elementor-widget-container\">\n\t\t\t\t\t\t\t\t\t<p><span style=\"font-weight: 400;\">Ma\u00eetrise d\u2019outils, connaissance m\u00e9tier, expertise sectorielle, certifications, etc. : les <\/span><i><span style=\"font-weight: 400;\">hard skills<\/span><\/i><span style=\"font-weight: 400;\"> constituent la base de tout poste. Elles refl\u00e8tent <\/span><b>l\u2019exp\u00e9rience professionnelle acquise<\/b><span style=\"font-weight: 400;\"> et servent souvent de premier filtre dans le processus de s\u00e9lection.\u00a0<\/span><\/p><p><span style=\"font-weight: 400;\">Leur \u00e9valuation peut passer par des <\/span><span style=\"font-weight: 400;\">tests \u00e9crits de recrutement<\/span><span style=\"font-weight: 400;\">, des \u00e9tudes de cas ou encore des mises en situation concr\u00e8tes.<\/span><\/p>\t\t\t\t\t\t\t\t<\/div>\n\t\t\t\t<\/div>\n\t\t\t\t<div class=\"elementor-element elementor-element-f32dfcc elementor-widget elementor-widget-heading\" data-id=\"f32dfcc\" data-element_type=\"widget\" data-e-type=\"widget\" data-widget_type=\"heading.default\">\n\t\t\t\t<div class=\"elementor-widget-container\">\n\t\t\t\t\t<h3 class=\"elementor-heading-title elementor-size-default\">Les comp\u00e9tences comportementales (soft skills)\n<\/h3>\t\t\t\t<\/div>\n\t\t\t\t<\/div>\n\t\t\t\t<div class=\"elementor-element elementor-element-103d244 elementor-widget elementor-widget-text-editor\" data-id=\"103d244\" data-element_type=\"widget\" data-e-type=\"widget\" data-widget_type=\"text-editor.default\">\n\t\t\t\t<div class=\"elementor-widget-container\">\n\t\t\t\t\t\t\t\t\t<p><span style=\"font-weight: 400;\">Les <\/span><i><span style=\"font-weight: 400;\">soft skills<\/span><\/i><span style=\"font-weight: 400;\"> d\u00e9signent des <\/span><b>qualit\u00e9s humaines<\/b><span style=\"font-weight: 400;\"> telles que l\u2019\u00e9coute, l\u2019adaptabilit\u00e9, l\u2019esprit d\u2019\u00e9quipe, ou la gestion du stress. Ces comp\u00e9tences sont pr\u00e9cieuses pour assurer la coh\u00e9sion au travail et une bonne ambiance dans l\u2019entreprise. \u00c0 ce titre, elles sont devenues centrales dans le recrutement, car elles influencent aussi bien la capacit\u00e9 d\u2019un candidat \u00e0 s\u2019int\u00e9grer au sein d\u2019un collectif qu\u2019\u00e0 s\u2019adapter \u00e0 de nouveaux contextes ou \u00e0 g\u00e9rer des situations impr\u00e9vues.<\/span><\/p><p><span style=\"font-weight: 400;\">Ces comp\u00e9tences comportementales sont souvent<\/span><b> explor\u00e9es en entretien<\/b><span style=\"font-weight: 400;\">, \u00e0 travers des mises en situation ou des questions permettant d\u2019analyser la mani\u00e8re dont le candidat r\u00e9agit face \u00e0 une situation donn\u00e9e<\/span><span style=\"font-weight: 400;\">.<\/span><\/p>\t\t\t\t\t\t\t\t<\/div>\n\t\t\t\t<\/div>\n\t\t\t\t<div class=\"elementor-element elementor-element-cf6e998 elementor-widget elementor-widget-heading\" data-id=\"cf6e998\" data-element_type=\"widget\" data-e-type=\"widget\" data-widget_type=\"heading.default\">\n\t\t\t\t<div class=\"elementor-widget-container\">\n\t\t\t\t\t<h3 class=\"elementor-heading-title elementor-size-default\">L\u2019ad\u00e9quation avec les valeurs et la culture d\u2019entreprise\n<\/h3>\t\t\t\t<\/div>\n\t\t\t\t<\/div>\n\t\t\t\t<div class=\"elementor-element elementor-element-ba50f65 elementor-widget elementor-widget-text-editor\" data-id=\"ba50f65\" data-element_type=\"widget\" data-e-type=\"widget\" data-widget_type=\"text-editor.default\">\n\t\t\t\t<div class=\"elementor-widget-container\">\n\t\t\t\t\t\t\t\t\t<p><span style=\"font-weight: 400;\">Un candidat peut \u00eatre techniquement comp\u00e9tent sans pour autant s\u2019int\u00e9grer dans la culture de l\u2019entreprise. Ce crit\u00e8re repose donc sur une <\/span><b>analyse plus fine des affinit\u00e9s<\/b><span style=\"font-weight: 400;\">, des valeurs partag\u00e9es et du style de management auquel la personne sera expos\u00e9e.<\/span><\/p><p><span style=\"font-weight: 400;\">En d&rsquo;autres termes, il s&rsquo;agit de s&rsquo;assurer que le travail quotidien et la vision de l\u2019entreprise correspondent aux attentes du candidat.<\/span><\/p>\t\t\t\t\t\t\t\t<\/div>\n\t\t\t\t<\/div>\n\t\t\t\t<div class=\"elementor-element elementor-element-e826d15 elementor-widget elementor-widget-heading\" data-id=\"e826d15\" data-element_type=\"widget\" data-e-type=\"widget\" data-widget_type=\"heading.default\">\n\t\t\t\t<div class=\"elementor-widget-container\">\n\t\t\t\t\t<h3 class=\"elementor-heading-title elementor-size-default\">Le potentiel d\u2019\u00e9volution\n<\/h3>\t\t\t\t<\/div>\n\t\t\t\t<\/div>\n\t\t\t\t<div class=\"elementor-element elementor-element-3950c9f elementor-widget elementor-widget-text-editor\" data-id=\"3950c9f\" data-element_type=\"widget\" data-e-type=\"widget\" data-widget_type=\"text-editor.default\">\n\t\t\t\t<div class=\"elementor-widget-container\">\n\t\t\t\t\t\t\t\t\t<p><span style=\"font-weight: 400;\">Recruter un candidat, c\u2019est aussi investir dans le futur. Un processus de recrutement efficace doit consid\u00e9rer le <\/span><b>potentiel de d\u00e9veloppement du candidat<\/b><span style=\"font-weight: 400;\"> : app\u00e9tence pour apprendre, capacit\u00e9 \u00e0 \u00e9voluer vers d&rsquo;autres fonctions, mobilit\u00e9 interne, etc.<\/span><\/p><p><span style=\"font-weight: 400;\">Ce crit\u00e8re est <\/span><span style=\"font-weight: 400;\">essentiel aussi bien dans les organisations en forte croissance que dans celles qui souhaitent fid\u00e9liser leurs collaborateurs sur le long terme. <\/span><\/p>\t\t\t\t\t\t\t\t<\/div>\n\t\t\t\t<\/div>\n\t\t\t\t<div class=\"elementor-element elementor-element-8c402aa elementor-widget elementor-widget-heading\" data-id=\"8c402aa\" data-element_type=\"widget\" data-e-type=\"widget\" data-widget_type=\"heading.default\">\n\t\t\t\t<div class=\"elementor-widget-container\">\n\t\t\t\t\t<h3 class=\"elementor-heading-title elementor-size-default\">La motivation\n<\/h3>\t\t\t\t<\/div>\n\t\t\t\t<\/div>\n\t\t\t\t<div class=\"elementor-element elementor-element-2148c17 elementor-widget elementor-widget-text-editor\" data-id=\"2148c17\" data-element_type=\"widget\" data-e-type=\"widget\" data-widget_type=\"text-editor.default\">\n\t\t\t\t<div class=\"elementor-widget-container\">\n\t\t\t\t\t\t\t\t\t<p><span style=\"font-weight: 400;\">La motivation est un <\/span><b>crit\u00e8re d\u00e9cisif<\/b><span style=\"font-weight: 400;\">. Elle montre l\u2019engagement, la compr\u00e9hension du poste et l\u2019int\u00e9r\u00eat pour les missions propos\u00e9es. \u00c0 noter qu\u2019elle ne se mesure <\/span><b>pas seulement \u00e0 l\u2019enthousiasme<\/b><span style=\"font-weight: 400;\"> exprim\u00e9 en entretien, mais \u00e0 des signaux tangibles, tels que la pr\u00e9paration en amont (connaissance de l\u2019entreprise et de ses enjeux) ou encore la pertinence des questions pos\u00e9es. <\/span><\/p>\t\t\t\t\t\t\t\t<\/div>\n\t\t\t\t<\/div>\n\t\t\t\t<div class=\"elementor-element elementor-element-82ae908 elementor-widget elementor-widget-heading\" data-id=\"82ae908\" data-element_type=\"widget\" data-e-type=\"widget\" data-widget_type=\"heading.default\">\n\t\t\t\t<div class=\"elementor-widget-container\">\n\t\t\t\t\t<h2 class=\"elementor-heading-title elementor-size-default\">Choisir ses crit\u00e8res de recrutement : mode d\u2019emploi\n<\/h2>\t\t\t\t<\/div>\n\t\t\t\t<\/div>\n\t\t\t\t<div class=\"elementor-element elementor-element-333bc62 elementor-widget elementor-widget-heading\" data-id=\"333bc62\" data-element_type=\"widget\" data-e-type=\"widget\" data-widget_type=\"heading.default\">\n\t\t\t\t<div class=\"elementor-widget-container\">\n\t\t\t\t\t<h3 class=\"elementor-heading-title elementor-size-default\">Comment d\u00e9finir ses crit\u00e8res de s\u00e9lection en interne ?\n<\/h3>\t\t\t\t<\/div>\n\t\t\t\t<\/div>\n\t\t\t\t<div class=\"elementor-element elementor-element-3515a6d elementor-widget elementor-widget-text-editor\" data-id=\"3515a6d\" data-element_type=\"widget\" data-e-type=\"widget\" data-widget_type=\"text-editor.default\">\n\t\t\t\t<div class=\"elementor-widget-container\">\n\t\t\t\t\t\t\t\t\t<p><span style=\"font-weight: 400;\">D\u00e9finir des crit\u00e8res de recrutement solides passe par un travail collectif, nourri par des recherches, des \u00e9changes et une <\/span><b>bonne compr\u00e9hension du besoin r\u00e9el<\/b><span style=\"font-weight: 400;\">.<\/span><\/p><p><span style=\"font-weight: 400;\">Quelques bonnes pratiques \u00e0 mettre en \u0153uvre :<\/span><\/p><ul><li style=\"font-weight: 400;\" aria-level=\"1\"><span style=\"font-weight: 400;\">s\u2019appuyer sur la fiche de poste, sans se limiter uniquement \u00e0 celle-ci ;<\/span><\/li><li style=\"font-weight: 400;\" aria-level=\"1\"><span style=\"font-weight: 400;\">impliquer le manager, les \u00e9quipes RH, voire un coll\u00e8gue de la future recrue pour croiser les regards ;<\/span><\/li><li style=\"font-weight: 400;\" aria-level=\"1\"><span style=\"font-weight: 400;\">distinguer les crit\u00e8res de recrutement essentiels des crit\u00e8res secondaires. <\/span><\/li><\/ul>\t\t\t\t\t\t\t\t<\/div>\n\t\t\t\t<\/div>\n\t\t\t\t<div class=\"elementor-element elementor-element-695a13c elementor-widget elementor-widget-heading\" data-id=\"695a13c\" data-element_type=\"widget\" data-e-type=\"widget\" data-widget_type=\"heading.default\">\n\t\t\t\t<div class=\"elementor-widget-container\">\n\t\t\t\t\t<h3 class=\"elementor-heading-title elementor-size-default\">Impliquer le collectif dans l\u2019\u00e9valuation pour mieux recruter\n<\/h3>\t\t\t\t<\/div>\n\t\t\t\t<\/div>\n\t\t\t\t<div class=\"elementor-element elementor-element-369d321 elementor-widget elementor-widget-text-editor\" data-id=\"369d321\" data-element_type=\"widget\" data-e-type=\"widget\" data-widget_type=\"text-editor.default\">\n\t\t\t\t<div class=\"elementor-widget-container\">\n\t\t\t\t\t\t\t\t\t<p><span style=\"font-weight: 400;\">L\u2019efficacit\u00e9 d\u2019une \u00e9valuation repose avant tout sur l\u2019existence d\u2019une <\/span><b>grille d\u2019\u00e9valuation commune<\/b><span style=\"font-weight: 400;\">, partag\u00e9e par l\u2019ensemble des acteurs impliqu\u00e9s. Ce cadre clarifie les crit\u00e8res prioritaires et limite les malentendus entre RH, managers et pairs.<\/span><\/p><p><span style=\"font-weight: 400;\">En centralisant les retours dans un m\u00eame format, la comparaison des profils devient plus simple. La <\/span><b>pond\u00e9ration des crit\u00e8res<\/b><span style=\"font-weight: 400;\"> selon leur importance permet ensuite de d\u00e9cider collectivement, sans perdre de temps dans des d\u00e9bats subjectifs.<\/span><\/p><p><b>Bon \u00e0 savoir<\/b><span style=\"font-weight: 400;\"> : documenter vos choix par crit\u00e8re apporte de la transparence au processus, facilite la justification d\u2019une <\/span><a href=\"https:\/\/www.lucca.fr\/magazine\/talents\/recrutement\/promesse-embauche\"><span style=\"font-weight: 400;\">promesse d\u2019embauche<\/span><\/a><span style=\"font-weight: 400;\"> et constitue un appui en cas de contestation.<\/span><\/p>\t\t\t\t\t\t\t\t<\/div>\n\t\t\t\t<\/div>\n\t\t\t\t<div class=\"elementor-element elementor-element-b076da4 elementor-widget elementor-widget-heading\" data-id=\"b076da4\" data-element_type=\"widget\" data-e-type=\"widget\" data-widget_type=\"heading.default\">\n\t\t\t\t<div class=\"elementor-widget-container\">\n\t\t\t\t\t<h3 class=\"elementor-heading-title elementor-size-default\">\u00c9viter les biais dans la s\u00e9lection des crit\u00e8res de recrutement\n<\/h3>\t\t\t\t<\/div>\n\t\t\t\t<\/div>\n\t\t\t\t<div class=\"elementor-element elementor-element-34b0e43 elementor-widget elementor-widget-heading\" data-id=\"34b0e43\" data-element_type=\"widget\" data-e-type=\"widget\" data-widget_type=\"heading.default\">\n\t\t\t\t<div class=\"elementor-widget-container\">\n\t\t\t\t\t<h4 class=\"elementor-heading-title elementor-size-default\">Respecter le cadre l\u00e9gal\n<\/h4>\t\t\t\t<\/div>\n\t\t\t\t<\/div>\n\t\t\t\t<div class=\"elementor-element elementor-element-690e021 elementor-widget elementor-widget-text-editor\" data-id=\"690e021\" data-element_type=\"widget\" data-e-type=\"widget\" data-widget_type=\"text-editor.default\">\n\t\t\t\t<div class=\"elementor-widget-container\">\n\t\t\t\t\t\t\t\t\t<p><span style=\"font-weight: 400;\">Certains crit\u00e8res peuvent sembler pertinents, mais s\u2019av\u00e8rent en r\u00e9alit\u00e9 discriminants, voire interdits (\u00e2ge, situation familiale, apparence, etc.). Respecter le cadre l\u00e9gal est essentiel pour <\/span><b>garantir un recrutement \u00e9quitable <\/b><span style=\"font-weight: 400;\">et s\u00e9curiser l\u2019entreprise.<\/span><\/p>\t\t\t\t\t\t\t\t<\/div>\n\t\t\t\t<\/div>\n\t\t\t\t<div class=\"elementor-element elementor-element-5c1d7f2 elementor-widget elementor-widget-heading\" data-id=\"5c1d7f2\" data-element_type=\"widget\" data-e-type=\"widget\" data-widget_type=\"heading.default\">\n\t\t\t\t<div class=\"elementor-widget-container\">\n\t\t\t\t\t<h4 class=\"elementor-heading-title elementor-size-default\">Limiter les biais cognitifs \n<\/h4>\t\t\t\t<\/div>\n\t\t\t\t<\/div>\n\t\t\t\t<div class=\"elementor-element elementor-element-cdb5718 elementor-widget elementor-widget-text-editor\" data-id=\"cdb5718\" data-element_type=\"widget\" data-e-type=\"widget\" data-widget_type=\"text-editor.default\">\n\t\t\t\t<div class=\"elementor-widget-container\">\n\t\t\t\t\t\t\t\t\t<p><span style=\"font-weight: 400;\">Au-del\u00e0 de la loi, certains biais influencent inconsciemment les d\u00e9cisions (effet de halo, biais de ressemblance\u2026). Pour les r\u00e9duire, il est utile de croiser plusieurs points de vue et de s\u2019appuyer sur des outils d\u2019\u00e9valuation collaboratifs.<\/span><\/p><p>\u00a0<\/p><p><b>Bon \u00e0 savoir <\/b><span style=\"font-weight: 400;\">: \u00eatre vigilant sur ces aspects prot\u00e8ge juridiquement l\u2019entreprise et renforce sa marque employeur.<\/span><\/p><p><br \/><span style=\"font-weight: 400;\">Fixer les bons <\/span><b>crit\u00e8res de recrutement<\/b><span style=\"font-weight: 400;\">, c\u2019est avant tout s\u00e9curiser vos d\u00e9cisions et fiabiliser vos embauches. Mais un processus vraiment solide doit aussi rester \u00e9volutif : vos crit\u00e8res ne peuvent pas \u00eatre fig\u00e9s. Pour anticiper les mutations du travail et attirer durablement les bons profils, pensez \u00e0 les r\u00e9\u00e9valuer r\u00e9guli\u00e8rement, \u00e0 mesure que vos m\u00e9tiers, vos valeurs et vos collaborateurs \u00e9voluent.<\/span><\/p>\t\t\t\t\t\t\t\t<\/div>\n\t\t\t\t<\/div>\n\t\t\t\t\t<\/div>\n\t\t\t\t<\/div>\n\t\t<div class=\"elementor-element elementor-element-4da4d36e cta-img e-flex e-con-boxed e-con e-parent\" data-id=\"4da4d36e\" data-element_type=\"container\" data-e-type=\"container\" data-settings=\"{&quot;background_background&quot;:&quot;classic&quot;}\">\n\t\t\t\t\t<div class=\"e-con-inner\">\n\t\t<div class=\"elementor-element elementor-element-1e2dca1f e-con-full e-flex e-con e-child\" data-id=\"1e2dca1f\" data-element_type=\"container\" data-e-type=\"container\">\n\t\t\t\t<div class=\"elementor-element elementor-element-1ca732bd elementor-widget-mobile__width-initial elementor-absolute elementor-widget elementor-widget-image\" data-id=\"1ca732bd\" data-element_type=\"widget\" data-e-type=\"widget\" data-settings=\"{&quot;_position&quot;:&quot;absolute&quot;}\" data-widget_type=\"image.default\">\n\t\t\t\t<div class=\"elementor-widget-container\">\n\t\t\t\t\t\t\t\t\t\t\t\t\t\t\t<img fetchpriority=\"high\" decoding=\"async\" width=\"850\" height=\"825\" src=\"https:\/\/www.lucca.fr\/magazine\/wp-content\/uploads\/2024\/03\/illu-plant-pola.svg\" class=\"attachment-large size-large wp-image-19764\" alt=\"\" \/>\t\t\t\t\t\t\t\t\t\t\t\t\t\t\t<\/div>\n\t\t\t\t<\/div>\n\t\t\t\t<\/div>\n\t\t<div class=\"elementor-element elementor-element-22efca09 e-con-full e-flex e-con e-child\" data-id=\"22efca09\" data-element_type=\"container\" data-e-type=\"container\">\n\t\t\t\t<div class=\"elementor-element elementor-element-66deb3e5 elementor-widget elementor-widget-heading\" data-id=\"66deb3e5\" data-element_type=\"widget\" data-e-type=\"widget\" data-widget_type=\"heading.default\">\n\t\t\t\t<div class=\"elementor-widget-container\">\n\t\t\t\t\t<p class=\"elementor-heading-title elementor-size-default\">Guide : recruter en mode collectif\n<\/p>\t\t\t\t<\/div>\n\t\t\t\t<\/div>\n\t\t\t\t<div class=\"elementor-element elementor-element-7568ddeb elementor-widget elementor-widget-text-editor\" data-id=\"7568ddeb\" data-element_type=\"widget\" data-e-type=\"widget\" data-widget_type=\"text-editor.default\">\n\t\t\t\t<div class=\"elementor-widget-container\">\n\t\t\t\t\t\t\t\t\t<p><span style=\"font-weight: 400;\">D\u00e9couvrez des conseils concrets pour impliquer managers, professionnels RH et collaborateurs \u00e0 chaque \u00e9tape du processus de recrutement.<\/span><\/p>\t\t\t\t\t\t\t\t<\/div>\n\t\t\t\t<\/div>\n\t\t\t\t<div class=\"elementor-element elementor-element-157c1e0d elementor-widget elementor-widget-button\" data-id=\"157c1e0d\" data-element_type=\"widget\" data-e-type=\"widget\" data-widget_type=\"button.default\">\n\t\t\t\t<div class=\"elementor-widget-container\">\n\t\t\t\t\t\t\t\t\t<div class=\"elementor-button-wrapper\">\n\t\t\t\t\t<a class=\"elementor-button elementor-button-link elementor-size-sm\" href=\"https:\/\/info.lucca.fr\/l\/950782\/2025-10-22\/5zw9yt\" target=\"_blank\" rel=\"nofollow\">\n\t\t\t\t\t\t<span class=\"elementor-button-content-wrapper\">\n\t\t\t\t\t\t\t\t\t<span class=\"elementor-button-text\">Acc\u00e9der au guide<\/span>\n\t\t\t\t\t<\/span>\n\t\t\t\t\t<\/a>\n\t\t\t\t<\/div>\n\t\t\t\t\t\t\t\t<\/div>\n\t\t\t\t<\/div>\n\t\t\t\t<\/div>\n\t\t\t\t\t<\/div>\n\t\t\t\t<\/div>\n\t\t\t\t<\/div>\n\t\t","protected":false},"excerpt":{"rendered":"<p>Dans un contexte de forte concurrence pour attirer les talents, il ne suffit plus d\u2019analyser des CV pour faire le bon choix. Les recruteurs doivent s\u2019appuyer sur des crit\u00e8res de recrutement pr\u00e9cis, partag\u00e9s et mesurables&#8230;.<\/p>\n","protected":false},"author":12,"featured_media":36843,"comment_status":"closed","ping_status":"closed","sticky":false,"template":"","format":"standard","meta":{"inline_featured_image":false,"footnotes":""},"categories":[157],"tags":[],"post_folder":[],"class_list":["post-36841","post","type-post","status-publish","format-standard","has-post-thumbnail","hentry","category-recrutement"],"_links":{"self":[{"href":"https:\/\/www.lucca.fr\/magazine\/wp-json\/wp\/v2\/posts\/36841","targetHints":{"allow":["GET"]}}],"collection":[{"href":"https:\/\/www.lucca.fr\/magazine\/wp-json\/wp\/v2\/posts"}],"about":[{"href":"https:\/\/www.lucca.fr\/magazine\/wp-json\/wp\/v2\/types\/post"}],"author":[{"embeddable":true,"href":"https:\/\/www.lucca.fr\/magazine\/wp-json\/wp\/v2\/users\/12"}],"replies":[{"embeddable":true,"href":"https:\/\/www.lucca.fr\/magazine\/wp-json\/wp\/v2\/comments?post=36841"}],"version-history":[{"count":3,"href":"https:\/\/www.lucca.fr\/magazine\/wp-json\/wp\/v2\/posts\/36841\/revisions"}],"predecessor-version":[{"id":40398,"href":"https:\/\/www.lucca.fr\/magazine\/wp-json\/wp\/v2\/posts\/36841\/revisions\/40398"}],"wp:featuredmedia":[{"embeddable":true,"href":"https:\/\/www.lucca.fr\/magazine\/wp-json\/wp\/v2\/media\/36843"}],"wp:attachment":[{"href":"https:\/\/www.lucca.fr\/magazine\/wp-json\/wp\/v2\/media?parent=36841"}],"wp:term":[{"taxonomy":"category","embeddable":true,"href":"https:\/\/www.lucca.fr\/magazine\/wp-json\/wp\/v2\/categories?post=36841"},{"taxonomy":"post_tag","embeddable":true,"href":"https:\/\/www.lucca.fr\/magazine\/wp-json\/wp\/v2\/tags?post=36841"},{"taxonomy":"post_folder","embeddable":true,"href":"https:\/\/www.lucca.fr\/magazine\/wp-json\/wp\/v2\/post_folder?post=36841"}],"curies":[{"name":"wp","href":"https:\/\/api.w.org\/{rel}","templated":true}]}}