{"id":485,"date":"2019-08-13T14:07:13","date_gmt":"2019-08-13T12:07:13","guid":{"rendered":"https:\/\/www.bloom-at-work.com\/blog\/?p=485"},"modified":"2025-06-20T13:13:07","modified_gmt":"2025-06-20T12:13:07","slug":"bienfaits-equipe-motivee-travail","status":"publish","type":"post","link":"https:\/\/www.lucca.fr\/magazine\/qvt\/bienfaits-equipe-motivee-travail","title":{"rendered":"Pourquoi booster l&rsquo;implication au travail des collaborateurs ?"},"content":{"rendered":"\t\t<div data-elementor-type=\"wp-post\" data-elementor-id=\"485\" class=\"elementor elementor-485\" data-elementor-post-type=\"post\">\n\t\t\t\t\t\t<section class=\"elementor-section elementor-top-section elementor-element elementor-element-5d406534 elementor-section-boxed elementor-section-height-default elementor-section-height-default\" data-id=\"5d406534\" data-element_type=\"section\" data-e-type=\"section\">\n\t\t\t\t\t\t<div class=\"elementor-container elementor-column-gap-default\">\n\t\t\t\t\t<div class=\"elementor-column elementor-col-100 elementor-top-column elementor-element elementor-element-35939258\" data-id=\"35939258\" data-element_type=\"column\" data-e-type=\"column\">\n\t\t\t<div class=\"elementor-widget-wrap elementor-element-populated\">\n\t\t\t\t\t\t<div class=\"elementor-element elementor-element-7594b1d elementor-widget elementor-widget-text-editor\" data-id=\"7594b1d\" data-element_type=\"widget\" data-e-type=\"widget\" data-widget_type=\"text-editor.default\">\n\t\t\t\t<div class=\"elementor-widget-container\">\n\t\t\t\t\t\t\t\t\t<p>84% des jeunes dipl\u00f4m\u00e9s jugent \u00ab tr\u00e8s importants \u00bb le bien-\u00eatre au travail, contre 46% pour la r\u00e9mun\u00e9ration. Ce n\u2019est pas nous qui le disons, c\u2019est une \u00e9tude 2018 de BCG-Ipsos-CGE. La motivation ne passe plus seulement par la carri\u00e8re et le salaire, mais par beaucoup d\u2019autres facteurs comme l&rsquo;implication au travail.\u00a0<\/p>\n<p><!-- \/wp:paragraph --><!-- wp:paragraph --><\/p>\n<p>Nous vous en parlions dans notre\u00a0<strong><em><span style=\"text-decoration: underline\">notre Manifesto pour l\u2019\u00e9panouissement au travail<\/span><\/em><\/strong>\u00a0: pour nous,\u00a0<strong>l&rsquo;<a href=\"https:\/\/www.lucca.fr\/barometre-qvt\/developper-engagement-salaries\" target=\"_blank\" rel=\"noreferrer noopener\">engagement des collaborateurs<\/a> est un id\u00e9al qui profite \u00e0 l\u2019employ\u00e9 \u00e9panoui comme \u00e0 l\u2019entreprise productive<\/strong>. C\u2019est\u00a0<strong>un vrai win-win.<\/strong>\u00a0Plus important : une \u00e9quipe motiv\u00e9e est souvent \u00e9panouie au travail.\u00a0<\/p>\t\t\t\t\t\t\t\t<\/div>\n\t\t\t\t<\/div>\n\t\t\t\t<div class=\"elementor-element elementor-element-d05b89f elementor-toc--minimized-on-tablet elementor-widget elementor-widget-table-of-contents\" data-id=\"d05b89f\" data-element_type=\"widget\" data-e-type=\"widget\" data-settings=\"{&quot;exclude_headings_by_selector&quot;:[],&quot;headings_by_tags&quot;:[&quot;h2&quot;],&quot;no_headings_message&quot;:&quot;Aucun titre n\\u2019a \\u00e9t\\u00e9 trouv\\u00e9 sur cette page.&quot;,&quot;marker_view&quot;:&quot;numbers&quot;,&quot;minimize_box&quot;:&quot;yes&quot;,&quot;minimized_on&quot;:&quot;tablet&quot;,&quot;hierarchical_view&quot;:&quot;yes&quot;,&quot;min_height&quot;:{&quot;unit&quot;:&quot;px&quot;,&quot;size&quot;:&quot;&quot;,&quot;sizes&quot;:[]},&quot;min_height_tablet&quot;:{&quot;unit&quot;:&quot;px&quot;,&quot;size&quot;:&quot;&quot;,&quot;sizes&quot;:[]},&quot;min_height_mobile&quot;:{&quot;unit&quot;:&quot;px&quot;,&quot;size&quot;:&quot;&quot;,&quot;sizes&quot;:[]}}\" data-widget_type=\"table-of-contents.default\">\n\t\t\t\t<div class=\"elementor-widget-container\">\n\t\t\t\t\t\t\t\t\t<div class=\"elementor-toc__header\">\n\t\t\t\t\t\t<h4 class=\"elementor-toc__header-title\">\n\t\t\t\tTable des mati\u00e8res\t\t\t<\/h4>\n\t\t\t\t\t\t\t\t\t\t<div class=\"elementor-toc__toggle-button elementor-toc__toggle-button--expand\" role=\"button\" tabindex=\"0\" aria-controls=\"elementor-toc__d05b89f\" aria-expanded=\"true\" aria-label=\"Ouvrir la table des mati\u00e8res\"><svg aria-hidden=\"true\" class=\"e-font-icon-svg e-fas-chevron-down\" viewBox=\"0 0 448 512\" xmlns=\"http:\/\/www.w3.org\/2000\/svg\"><path d=\"M207.029 381.476L12.686 187.132c-9.373-9.373-9.373-24.569 0-33.941l22.667-22.667c9.357-9.357 24.522-9.375 33.901-.04L224 284.505l154.745-154.021c9.379-9.335 24.544-9.317 33.901.04l22.667 22.667c9.373 9.373 9.373 24.569 0 33.941L240.971 381.476c-9.373 9.372-24.569 9.372-33.942 0z\"><\/path><\/svg><\/div>\n\t\t\t\t<div class=\"elementor-toc__toggle-button elementor-toc__toggle-button--collapse\" role=\"button\" tabindex=\"0\" aria-controls=\"elementor-toc__d05b89f\" aria-expanded=\"true\" aria-label=\"Fermer la table des mati\u00e8res\"><svg aria-hidden=\"true\" class=\"e-font-icon-svg e-fas-chevron-up\" viewBox=\"0 0 448 512\" xmlns=\"http:\/\/www.w3.org\/2000\/svg\"><path d=\"M240.971 130.524l194.343 194.343c9.373 9.373 9.373 24.569 0 33.941l-22.667 22.667c-9.357 9.357-24.522 9.375-33.901.04L224 227.495 69.255 381.516c-9.379 9.335-24.544 9.317-33.901-.04l-22.667-22.667c-9.373-9.373-9.373-24.569 0-33.941L207.03 130.525c9.372-9.373 24.568-9.373 33.941-.001z\"><\/path><\/svg><\/div>\n\t\t\t\t\t<\/div>\n\t\t\t\t<div id=\"elementor-toc__d05b89f\" class=\"elementor-toc__body\">\n\t\t\t<div class=\"elementor-toc__spinner-container\">\n\t\t\t\t<svg class=\"elementor-toc__spinner eicon-animation-spin e-font-icon-svg e-eicon-loading\" aria-hidden=\"true\" viewBox=\"0 0 1000 1000\" xmlns=\"http:\/\/www.w3.org\/2000\/svg\"><path d=\"M500 975V858C696 858 858 696 858 500S696 142 500 142 142 304 142 500H25C25 237 238 25 500 25S975 237 975 500 763 975 500 975Z\"><\/path><\/svg>\t\t\t<\/div>\n\t\t<\/div>\n\t\t\t\t\t\t<\/div>\n\t\t\t\t<\/div>\n\t\t\t\t<div class=\"elementor-element elementor-element-027b9ac elementor-widget elementor-widget-heading\" data-id=\"027b9ac\" data-element_type=\"widget\" data-e-type=\"widget\" data-widget_type=\"heading.default\">\n\t\t\t\t<div class=\"elementor-widget-container\">\n\t\t\t\t\t<h2 class=\"elementor-heading-title elementor-size-default\">La motivation au travail, c\u2019est quoi ?<\/h2>\t\t\t\t<\/div>\n\t\t\t\t<\/div>\n\t\t\t\t<div class=\"elementor-element elementor-element-cd9a2b7 elementor-widget elementor-widget-heading\" data-id=\"cd9a2b7\" data-element_type=\"widget\" data-e-type=\"widget\" data-widget_type=\"heading.default\">\n\t\t\t\t<div class=\"elementor-widget-container\">\n\t\t\t\t\t<h3 class=\"elementor-heading-title elementor-size-default\">D\u00e9finition simple d\u2019un concept complexe<\/h3>\t\t\t\t<\/div>\n\t\t\t\t<\/div>\n\t\t\t\t<div class=\"elementor-element elementor-element-f3e1967 elementor-widget elementor-widget-text-editor\" data-id=\"f3e1967\" data-element_type=\"widget\" data-e-type=\"widget\" data-widget_type=\"text-editor.default\">\n\t\t\t\t<div class=\"elementor-widget-container\">\n\t\t\t\t\t\t\t\t\t<p>Commen\u00e7ons par le principal d\u00e9faut de la motivation au travail : c\u2019est un terme \u00e0 la mode, \u00e0 tel point que souvent lorsqu\u2019il est employ\u00e9, il ne veut plus rien dire\u2026<br \/><br \/><strong>Pour d\u00e9finir la motivation au travail de mani\u00e8re plus formelle, c\u2019est l\u2019action et le comportement d\u2019un collaborateur pour atteindre son objectif. En r\u00e9sum\u00e9, c\u2019est son degr\u00e9 d\u2019implication dans son travail.<\/strong><br \/><br \/>Un collaborateur motiv\u00e9, c\u2019est un collaborateur qui est\u00a0<strong>align\u00e9 avec les valeurs<\/strong>\u00a0de l\u2019entreprise, qui se sent\u00a0<strong>\u00e0 l\u2019aise dans son m\u00e9tier<\/strong>\u00a0et qui est\u00a0<strong>bien int\u00e9gr\u00e9\u00a0<\/strong>dans son \u00e9quipe. Lorsqu\u2019il est vraiment impliqu\u00e9, engag\u00e9 et satisfait de sa vie professionnelle, il accomplit des merveilles.<\/p>\t\t\t\t\t\t\t\t<\/div>\n\t\t\t\t<\/div>\n\t\t\t\t<div class=\"elementor-element elementor-element-2e24682 elementor-widget elementor-widget-heading\" data-id=\"2e24682\" data-element_type=\"widget\" data-e-type=\"widget\" data-widget_type=\"heading.default\">\n\t\t\t\t<div class=\"elementor-widget-container\">\n\t\t\t\t\t<h3 class=\"elementor-heading-title elementor-size-default\">Qu\u2019est-ce qu\u2019un collaborateur motiv\u00e9 ? Un exemple concret<\/h3>\t\t\t\t<\/div>\n\t\t\t\t<\/div>\n\t\t\t\t<div class=\"elementor-element elementor-element-2d177be elementor-widget elementor-widget-text-editor\" data-id=\"2d177be\" data-element_type=\"widget\" data-e-type=\"widget\" data-widget_type=\"text-editor.default\">\n\t\t\t\t<div class=\"elementor-widget-container\">\n\t\t\t\t\t\t\t\t\t<p><strong>La motivation au travail peut \u00eatre inn\u00e9e<\/strong>\u00a0: si Th\u00e9o vous a rejoint, c\u2019est peut-\u00eatre qu\u2019il a ador\u00e9 vos valeurs, l\u2019ambition de l\u2019entreprise et la culture qui y r\u00e8gne. Du coup au d\u00e9part, il travaillait beaucoup et efficacement. Il cherchait constamment \u00e0 se d\u00e9passer et \u00e0 aller plus loin que ses propres objectifs : il \u00e9tait force de proposition pour transformer l\u2019entreprise.<\/p>\n<p>Mais au fil du temps, Th\u00e9o a perdu son bagou. Il s\u2019engage moins dans la vie de l\u2019entreprise, refuse des responsabilit\u00e9s et votre dernier client vous a dit qu\u2019il n\u2019\u00e9tait pas satisfait de son travail. Que se passe-t-il ?\u00a0 Les signes d\u2019une baisse de motivation au travail font leur apparition : c\u2019est le moment de travailler sur l\u2019engagement de Th\u00e9o au travail.<\/p>\n<p>Am\u00e9liorer son \u00e9panouissement professionnel chez vous est donc indispensable si vous ne voulez pas le voir filer. Ce serait vraiment dommage vu ce qu\u2019il \u00e9tait capable d\u2019accomplir en \u00e9tant motiv\u00e9. Tout n\u2019est pas perdu car\u00a0<strong>la motivation au travail, justement\u2026 \u00e7a se travaille.<\/strong><\/p>\n<p><!-- \/wp:paragraph --><!-- wp:paragraph {\"style\":{\"color\":{\"text\":\"#ffffff\"}}} --><\/p>\t\t\t\t\t\t\t\t<\/div>\n\t\t\t\t<\/div>\n\t\t\t\t<div class=\"elementor-element elementor-element-508748a elementor-widget elementor-widget-heading\" data-id=\"508748a\" data-element_type=\"widget\" data-e-type=\"widget\" data-widget_type=\"heading.default\">\n\t\t\t\t<div class=\"elementor-widget-container\">\n\t\t\t\t\t<h2 class=\"elementor-heading-title elementor-size-default\">Pourquoi les \u00e9quipes motiv\u00e9es font des entreprise prosp\u00e8res<\/h2>\t\t\t\t<\/div>\n\t\t\t\t<\/div>\n\t\t\t\t<div class=\"elementor-element elementor-element-b5aef39 elementor-widget elementor-widget-heading\" data-id=\"b5aef39\" data-element_type=\"widget\" data-e-type=\"widget\" data-widget_type=\"heading.default\">\n\t\t\t\t<div class=\"elementor-widget-container\">\n\t\t\t\t\t<h3 class=\"elementor-heading-title elementor-size-default\">1. L\u2019\u00e9quipe, facteur essentiel d'implication au travail<\/h3>\t\t\t\t<\/div>\n\t\t\t\t<\/div>\n\t\t\t\t<div class=\"elementor-element elementor-element-b73190a elementor-widget elementor-widget-text-editor\" data-id=\"b73190a\" data-element_type=\"widget\" data-e-type=\"widget\" data-widget_type=\"text-editor.default\">\n\t\t\t\t<div class=\"elementor-widget-container\">\n\t\t\t\t\t\t\t\t\t<p>Toute entreprise qui fonctionne bien, l\u00e8ve des fonds importants ou r\u00e9alise une forte croissance s\u2019appuie sur<strong>\u00a0une \u00e9quipe soud\u00e9e, comp\u00e9tente et engag\u00e9e<\/strong>. Pour cela, l&rsquo;implication au travail de chacun est essentielle.<br \/><br \/>Une cha\u00eene est aussi forte que le plus faible de ses maillons, n\u2019est-ce pas ? C\u2019est pareil pour une \u00e9quipe.\u00a0<strong>La motivation au travail de chacun \u00e0 l\u2019\u00e9chelle individuelle d\u00e9multiplie la motivation de l\u2019\u00e9quipe et cr\u00e9e la r\u00e9ussite collective<\/strong>.<\/p>\t\t\t\t\t\t\t\t<\/div>\n\t\t\t\t<\/div>\n\t\t\t\t<div class=\"elementor-element elementor-element-75dae2e elementor-widget elementor-widget-heading\" data-id=\"75dae2e\" data-element_type=\"widget\" data-e-type=\"widget\" data-widget_type=\"heading.default\">\n\t\t\t\t<div class=\"elementor-widget-container\">\n\t\t\t\t\t<h3 class=\"elementor-heading-title elementor-size-default\">2. La marque employeur, extr\u00eamement efficace pour attirer les talents<\/h3>\t\t\t\t<\/div>\n\t\t\t\t<\/div>\n\t\t\t\t<div class=\"elementor-element elementor-element-fcba5e7 elementor-widget elementor-widget-text-editor\" data-id=\"fcba5e7\" data-element_type=\"widget\" data-e-type=\"widget\" data-widget_type=\"text-editor.default\">\n\t\t\t\t<div class=\"elementor-widget-container\">\n\t\t\t\t\t\t\t\t\t<p>Si le succ\u00e8s d\u2019une entreprise se fonde souvent sur une dynamique d\u2019\u00e9quipe, il n\u00e9cessite \u00e9galement de recruter les meilleurs talents. Pour cela,\u00a0<strong>la marque employeur (l\u2019image que renvoie la marque aux candidats) est tr\u00e8s efficace<\/strong>.<br \/><br \/>Rien de tel que\u00a0<strong>des collaborateurs motiv\u00e9s qui t\u00e9moignent par leurs actions et leurs paroles de leur engagement<\/strong>\u00a0pour envoyer le message id\u00e9al aux candidats. Mieux que les talents les plus comp\u00e9tents, vous attirez alors les plus motiv\u00e9s car ils savent \u00e0 quoi s\u2019attendre : un fort esprit d\u2019\u00e9quipe, un groupe moteur et des objectifs ambitieux.<\/p>\t\t\t\t\t\t\t\t<\/div>\n\t\t\t\t<\/div>\n\t\t\t\t<div class=\"elementor-element elementor-element-3c59b96 elementor-widget elementor-widget-heading\" data-id=\"3c59b96\" data-element_type=\"widget\" data-e-type=\"widget\" data-widget_type=\"heading.default\">\n\t\t\t\t<div class=\"elementor-widget-container\">\n\t\t\t\t\t<h3 class=\"elementor-heading-title elementor-size-default\">3. Agilit\u00e9, \u00e9volution &amp; mouvement, les indispensables briseurs d\u2019inertie<\/h3>\t\t\t\t<\/div>\n\t\t\t\t<\/div>\n\t\t\t\t<div class=\"elementor-element elementor-element-f609e66 elementor-widget elementor-widget-text-editor\" data-id=\"f609e66\" data-element_type=\"widget\" data-e-type=\"widget\" data-widget_type=\"text-editor.default\">\n\t\t\t\t<div class=\"elementor-widget-container\">\n\t\t\t\t\t\t\t\t\t<p>Impossible de nos jours de partir sur un business model fixe et une strat\u00e9gie \u00e0 10 ans statique. L\u2019entreprise, surtout \u00e0 ses d\u00e9buts, doit innover et se renouveler dans son propre fonctionnement \u00e0 tous les niveaux. Mais pour initier ces changements,\u00a0<strong>encore faut-il qu\u2019il y ait des collaborateurs suffisamment motiv\u00e9s pour y r\u00e9fl\u00e9chir, puis \u00eatre force de proposition.<\/strong><\/p>\t\t\t\t\t\t\t\t<\/div>\n\t\t\t\t<\/div>\n\t\t\t\t<div class=\"elementor-element elementor-element-fe98fba elementor-widget elementor-widget-heading\" data-id=\"fe98fba\" data-element_type=\"widget\" data-e-type=\"widget\" data-widget_type=\"heading.default\">\n\t\t\t\t<div class=\"elementor-widget-container\">\n\t\t\t\t\t<h3 class=\"elementor-heading-title elementor-size-default\">4. La productivit\u00e9, reflet de la motivation au travail<\/h3>\t\t\t\t<\/div>\n\t\t\t\t<\/div>\n\t\t\t\t<div class=\"elementor-element elementor-element-dbdba22 elementor-widget elementor-widget-text-editor\" data-id=\"dbdba22\" data-element_type=\"widget\" data-e-type=\"widget\" data-widget_type=\"text-editor.default\">\n\t\t\t\t<div class=\"elementor-widget-container\">\n\t\t\t\t\t\t\t\t\t<p>Les \u00e9tudes qui lient motivation et implication au travail se suivent et se ressemblent. Toutes affirment que les collaborateurs motiv\u00e9s sont plus align\u00e9s avec les objectifs de l\u2019entreprise (et donc les leurs), mais surtout qu\u2019ils ont\u00a0<strong>de meilleurs r\u00e9sultats<\/strong>. Ils permettent donc \u00e0 l\u2019entreprise de g\u00e9n\u00e9rer davantage de chiffre d\u2019affaires.\u00a0<\/p>\n<p><strong>On synth\u00e9tise : des collaborateurs motiv\u00e9s permettent \u00e0 l\u2019entreprise de cro\u00eetre plus rapidement.<\/strong>.<\/p>\t\t\t\t\t\t\t\t<\/div>\n\t\t\t\t<\/div>\n\t\t\t\t<div class=\"elementor-element elementor-element-e183638 elementor-widget elementor-widget-heading\" data-id=\"e183638\" data-element_type=\"widget\" data-e-type=\"widget\" data-widget_type=\"heading.default\">\n\t\t\t\t<div class=\"elementor-widget-container\">\n\t\t\t\t\t<h2 class=\"elementor-heading-title elementor-size-default\">Collaborateur motiv\u00e9, collaborateur heureux ?<\/h2>\t\t\t\t<\/div>\n\t\t\t\t<\/div>\n\t\t\t\t<div class=\"elementor-element elementor-element-76564ff elementor-widget elementor-widget-heading\" data-id=\"76564ff\" data-element_type=\"widget\" data-e-type=\"widget\" data-widget_type=\"heading.default\">\n\t\t\t\t<div class=\"elementor-widget-container\">\n\t\t\t\t\t<h3 class=\"elementor-heading-title elementor-size-default\">1. L\u2019implication au travail, car un collaborateur motiv\u00e9 est focus<\/h3>\t\t\t\t<\/div>\n\t\t\t\t<\/div>\n\t\t\t\t<div class=\"elementor-element elementor-element-6fda1ce elementor-widget elementor-widget-text-editor\" data-id=\"6fda1ce\" data-element_type=\"widget\" data-e-type=\"widget\" data-widget_type=\"text-editor.default\">\n\t\t\t\t<div class=\"elementor-widget-container\">\n\t\t\t\t\t\t\t\t\t<p>Souvent, un manque d\u2019implication au travail entra\u00eene le bore-out : le collaborateur se retrouve \u00e0 passer son temps de travail sur des choses dont il ne per\u00e7oit pas l\u2019int\u00e9r\u00eat ni le sens. Il s\u2019ennuie et se d\u00e9sengage.<\/p>\n<p><strong>Un employ\u00e9 motiv\u00e9 est au contraire concentr\u00e9 sur son objectif : faire r\u00e9ussir son entreprise.\u00a0<\/strong>Il n\u2019a donc pas le temps de s\u2019ennuyer et surtout, ses actions l\u2019aident \u00e0 se sentir plus accompli et \u00e9panoui.<\/p>\t\t\t\t\t\t\t\t<\/div>\n\t\t\t\t<\/div>\n\t\t\t\t<div class=\"elementor-element elementor-element-2d4a986 elementor-widget elementor-widget-heading\" data-id=\"2d4a986\" data-element_type=\"widget\" data-e-type=\"widget\" data-widget_type=\"heading.default\">\n\t\t\t\t<div class=\"elementor-widget-container\">\n\t\t\t\t\t<h3 class=\"elementor-heading-title elementor-size-default\">2. Le sens, car un collaborateur motiv\u00e9 trouve r\u00e9ponse \u00e0 son \u00ab why \u00bb<\/h3>\t\t\t\t<\/div>\n\t\t\t\t<\/div>\n\t\t\t\t<div class=\"elementor-element elementor-element-422dde3 elementor-widget elementor-widget-text-editor\" data-id=\"422dde3\" data-element_type=\"widget\" data-e-type=\"widget\" data-widget_type=\"text-editor.default\">\n\t\t\t\t<div class=\"elementor-widget-container\">\n\t\t\t\t\t\t\t\t\t<p><strong>Le sens au travail est le grand questionnement professionnel du XXI\u00e8me si\u00e8cle <\/strong>pour nombre de collaborateurs, particuli\u00e8rement ceux des g\u00e9n\u00e9rations Y et Z. Lorsqu\u2019il est motiv\u00e9, il sait pourquoi il accomplit une action. Il se sent en accord avec lui-m\u00eame.\u00a0<\/p>\n<p>Un collaborateur motiv\u00e9 parvient \u00e0 s\u2019expliquer son engagement et donc \u00e0 se sentir align\u00e9 avec son <span style=\"font-weight: 400\">\u00ab <\/span>why <span style=\"font-weight: 400\">\u00bb<\/span>. Son <span style=\"font-weight: 400\">\u00ab <\/span>why <span style=\"font-weight: 400\">\u00bb<\/span>, son pourquoi, c\u2019est en d\u2019autres mots le sens de son travail, la raison qui le pousse \u00e0 se lever tous les matins avec le sourire pour faire progresser son entreprise.<\/p>\t\t\t\t\t\t\t\t<\/div>\n\t\t\t\t<\/div>\n\t\t\t\t<div class=\"elementor-element elementor-element-ad1c978 elementor-widget elementor-widget-heading\" data-id=\"ad1c978\" data-element_type=\"widget\" data-e-type=\"widget\" data-widget_type=\"heading.default\">\n\t\t\t\t<div class=\"elementor-widget-container\">\n\t\t\t\t\t<h3 class=\"elementor-heading-title elementor-size-default\">3. L\u2019erreur classique : tout miser sur le bien-\u00eatre d\u2019apparence et n\u00e9gliger la motivation au travail<\/h3>\t\t\t\t<\/div>\n\t\t\t\t<\/div>\n\t\t\t\t<div class=\"elementor-element elementor-element-15166ff elementor-widget elementor-widget-text-editor\" data-id=\"15166ff\" data-element_type=\"widget\" data-e-type=\"widget\" data-widget_type=\"text-editor.default\">\n\t\t\t\t<div class=\"elementor-widget-container\">\n\t\t\t\t\t\t\t\t\t<p>Beaucoup d\u2019entreprises ont commis et commettent encore cette erreur :\u00a0<strong>proposer un bonheur superficiel plein de passion au d\u00e9triment d\u2019un travail vraiment passionnant<\/strong>. D\u00e9sol\u00e9, mais non : l\u2019ensemble panier de fruits \u2013\u00a0 babyfoot \u2013 salle de sport n\u2019est pas la solution miracle au bien-\u00eatre au travail. En effet, un r\u00e9el engagement des collaborateurs au travail passe aussi par des \u00e9l\u00e9ments de d\u00e9veloppement personnel (un feedback bienveillant et r\u00e9gulier avec ses managers, des formations pour monter en comp\u00e9tences\u2026) ou des\u00a0besoins plus aspirationnels (comme \u00eatre reconnu pour son travail, valoris\u00e9 dans son \u00e9quipe ou encore trouver du sens \u00e0 son travail et \u00eatre fier d\u2019y appartenir).<\/p>\n<p><!-- \/wp:paragraph --><!-- wp:spacer {\"height\":20} --><\/p>\n<div class=\"wp-block-spacer\" style=\"height: 20px\" aria-hidden=\"true\">\u00a0<\/div>\t\t\t\t\t\t\t\t<\/div>\n\t\t\t\t<\/div>\n\t\t\t\t<div class=\"elementor-element elementor-element-ac54c22 elementor-widget elementor-widget-text-editor\" data-id=\"ac54c22\" data-element_type=\"widget\" data-e-type=\"widget\" data-widget_type=\"text-editor.default\">\n\t\t\t\t<div class=\"elementor-widget-container\">\n\t\t\t\t\t\t\t\t\t<p>Synth\u00e9tisons : motiver un collaborateur est un processus complexe qui ne peut \u00eatre r\u00e9sum\u00e9 \u00e0 quelques petites actions de surface.<\/p>\n<p><!-- \/wp:paragraph --><!-- wp:paragraph --><\/p>\n<p>La motivation au travail passe encore en partie par la r\u00e9mun\u00e9ration. Pour qu&rsquo;elle investisse toute votre \u00e9quipe, il va surtout falloir travailler sur leur implication au travail. Le bien-\u00eatre au travail participe aussi \u00e0 la motivation et vice-versa : c\u2019est un cercle vertueux. Plus un collaborateur est motiv\u00e9, plus il est \u00e9panoui et plus il est \u00e9panoui, plus sa motivation explose.\u00a0<\/p>\n<p><!-- \/wp:paragraph --><!-- wp:paragraph {\"textColor\":\"very-light-gray\"} --><\/p>\t\t\t\t\t\t\t\t<\/div>\n\t\t\t\t<\/div>\n\t\t\t\t\t<\/div>\n\t\t<\/div>\n\t\t\t\t\t<\/div>\n\t\t<\/section>\n\t\t<div class=\"elementor-element elementor-element-4134c16e cta-img e-flex e-con-boxed e-con e-parent\" data-id=\"4134c16e\" data-element_type=\"container\" data-e-type=\"container\" data-settings=\"{&quot;background_background&quot;:&quot;classic&quot;}\">\n\t\t\t\t\t<div class=\"e-con-inner\">\n\t\t<div class=\"elementor-element elementor-element-83fa838 e-flex e-con-boxed e-con e-child\" data-id=\"83fa838\" data-element_type=\"container\" data-e-type=\"container\">\n\t\t\t\t\t<div class=\"e-con-inner\">\n\t\t\t\t<div class=\"elementor-element elementor-element-3ab98e6d elementor-widget elementor-widget-heading\" data-id=\"3ab98e6d\" data-element_type=\"widget\" data-e-type=\"widget\" data-widget_type=\"heading.default\">\n\t\t\t\t<div class=\"elementor-widget-container\">\n\t\t\t\t\t<p class=\"elementor-heading-title elementor-size-default\">Guide pratique : d\u00e9couvrez les 8 piliers pour favoriser l\u2019engagement de vos collaborateurs<\/p>\t\t\t\t<\/div>\n\t\t\t\t<\/div>\n\t\t\t\t<div class=\"elementor-element elementor-element-234a26d3 elementor-widget elementor-widget-button\" data-id=\"234a26d3\" data-element_type=\"widget\" data-e-type=\"widget\" data-widget_type=\"button.default\">\n\t\t\t\t<div class=\"elementor-widget-container\">\n\t\t\t\t\t\t\t\t\t<div class=\"elementor-button-wrapper\">\n\t\t\t\t\t<a class=\"elementor-button elementor-button-link elementor-size-sm\" href=\"https:\/\/info.lucca.fr\/l\/950782\/2024-04-18\/5xz9bq\">\n\t\t\t\t\t\t<span class=\"elementor-button-content-wrapper\">\n\t\t\t\t\t\t\t\t\t<span class=\"elementor-button-text\">T\u00e9l\u00e9charger le guide<\/span>\n\t\t\t\t\t<\/span>\n\t\t\t\t\t<\/a>\n\t\t\t\t<\/div>\n\t\t\t\t\t\t\t\t<\/div>\n\t\t\t\t<\/div>\n\t\t\t\t\t<\/div>\n\t\t\t\t<\/div>\n\t\t\t\t\t<\/div>\n\t\t\t\t<\/div>\n\t\t\t\t<\/div>\n\t\t","protected":false},"excerpt":{"rendered":"<p>84% des jeunes dipl\u00f4m\u00e9s jugent \u00ab tr\u00e8s importants \u00bb le bien-\u00eatre au travail, contre 46% pour la r\u00e9mun\u00e9ration. Ce n\u2019est pas nous qui le disons, c\u2019est une \u00e9tude 2018 de BCG-Ipsos-CGE. La motivation ne passe&#8230;<\/p>\n","protected":false},"author":31,"featured_media":31858,"comment_status":"closed","ping_status":"closed","sticky":false,"template":"","format":"standard","meta":{"inline_featured_image":false,"footnotes":""},"categories":[109],"tags":[],"post_folder":[],"class_list":["post-485","post","type-post","status-publish","format-standard","has-post-thumbnail","hentry","category-qvt"],"_links":{"self":[{"href":"https:\/\/www.lucca.fr\/magazine\/wp-json\/wp\/v2\/posts\/485","targetHints":{"allow":["GET"]}}],"collection":[{"href":"https:\/\/www.lucca.fr\/magazine\/wp-json\/wp\/v2\/posts"}],"about":[{"href":"https:\/\/www.lucca.fr\/magazine\/wp-json\/wp\/v2\/types\/post"}],"author":[{"embeddable":true,"href":"https:\/\/www.lucca.fr\/magazine\/wp-json\/wp\/v2\/users\/31"}],"replies":[{"embeddable":true,"href":"https:\/\/www.lucca.fr\/magazine\/wp-json\/wp\/v2\/comments?post=485"}],"version-history":[{"count":4,"href":"https:\/\/www.lucca.fr\/magazine\/wp-json\/wp\/v2\/posts\/485\/revisions"}],"predecessor-version":[{"id":31976,"href":"https:\/\/www.lucca.fr\/magazine\/wp-json\/wp\/v2\/posts\/485\/revisions\/31976"}],"wp:featuredmedia":[{"embeddable":true,"href":"https:\/\/www.lucca.fr\/magazine\/wp-json\/wp\/v2\/media\/31858"}],"wp:attachment":[{"href":"https:\/\/www.lucca.fr\/magazine\/wp-json\/wp\/v2\/media?parent=485"}],"wp:term":[{"taxonomy":"category","embeddable":true,"href":"https:\/\/www.lucca.fr\/magazine\/wp-json\/wp\/v2\/categories?post=485"},{"taxonomy":"post_tag","embeddable":true,"href":"https:\/\/www.lucca.fr\/magazine\/wp-json\/wp\/v2\/tags?post=485"},{"taxonomy":"post_folder","embeddable":true,"href":"https:\/\/www.lucca.fr\/magazine\/wp-json\/wp\/v2\/post_folder?post=485"}],"curies":[{"name":"wp","href":"https:\/\/api.w.org\/{rel}","templated":true}]}}