{"id":750,"date":"2017-07-15T14:13:20","date_gmt":"2017-07-15T13:13:20","guid":{"rendered":"http:\/\/www.lucca.fr\/magazine\/homepage-mag-lucca\/fiches-pratiques\/\/un-salarie-peut-il-reporter-ses-conges-sil-tombe-malade-pendant-ses-vacances\/"},"modified":"2026-04-17T14:44:09","modified_gmt":"2026-04-17T13:44:09","slug":"arret-maladie-avant-conges-payes","status":"publish","type":"post","link":"https:\/\/www.lucca.fr\/magazine\/administration\/conges-et-absences\/arret-maladie-avant-conges-payes","title":{"rendered":"Arr\u00eat maladie avant ou pendant les cong\u00e9s pay\u00e9s : un salari\u00e9 peut-il reporter ses vacances ?"},"content":{"rendered":"\t\t<div data-elementor-type=\"wp-post\" data-elementor-id=\"750\" class=\"elementor elementor-750\" data-elementor-post-type=\"post\">\n\t\t\t\t<div class=\"elementor-element elementor-element-eab09ce e-flex e-con-boxed e-con e-parent\" data-id=\"eab09ce\" data-element_type=\"container\" data-e-type=\"container\">\n\t\t\t\t\t<div class=\"e-con-inner\">\n\t\t\t\t<div class=\"elementor-element elementor-element-01a66ea elementor-widget elementor-widget-text-editor\" data-id=\"01a66ea\" data-element_type=\"widget\" data-e-type=\"widget\" data-widget_type=\"text-editor.default\">\n\t\t\t\t<div class=\"elementor-widget-container\">\n\t\t\t\t\t\t\t\t\t<p>Un arr\u00eat maladie peut avoir des cons\u00e9quences sur la prise de cong\u00e9s du salari\u00e9. Les r\u00e8gles \u00e0 appliquer varient selon que la maladie survient avant ou pendant la p\u00e9riode de cong\u00e9.<\/p>\t\t\t\t\t\t\t\t<\/div>\n\t\t\t\t<\/div>\n\t\t\t\t\t<\/div>\n\t\t\t\t<\/div>\n\t\t<div class=\"elementor-element elementor-element-70e58ac9 e-con-full e-flex e-con e-parent\" data-id=\"70e58ac9\" data-element_type=\"container\" data-e-type=\"container\" data-settings=\"{&quot;background_background&quot;:&quot;classic&quot;}\">\n\t\t\t\t<div class=\"elementor-element elementor-element-73a2a9f3 elementor-widget elementor-widget-heading\" data-id=\"73a2a9f3\" data-element_type=\"widget\" data-e-type=\"widget\" data-widget_type=\"heading.default\">\n\t\t\t\t<div class=\"elementor-widget-container\">\n\t\t\t\t\t<p class=\"elementor-heading-title elementor-size-default\">Allez \u00e0 l'essentiel<\/p>\t\t\t\t<\/div>\n\t\t\t\t<\/div>\n\t\t\t\t<div class=\"elementor-element elementor-element-71dee4a5 elementor-widget elementor-widget-text-editor\" data-id=\"71dee4a5\" data-element_type=\"widget\" data-e-type=\"widget\" data-widget_type=\"text-editor.default\">\n\t\t\t\t<div class=\"elementor-widget-container\">\n\t\t\t\t\t\t\t\t\t<p>Obtenez un r\u00e9sum\u00e9 clair et structur\u00e9 pour rep\u00e9rer rapidement les points cl\u00e9s.<\/p>\t\t\t\t\t\t\t\t<\/div>\n\t\t\t\t<\/div>\n\t\t<div class=\"elementor-element elementor-element-3043a053 e-con-full e-flex e-con e-child\" data-id=\"3043a053\" data-element_type=\"container\" data-e-type=\"container\">\n\t\t<a class=\"elementor-element elementor-element-7f66d555 e-con-full e-flex e-con e-child\" data-id=\"7f66d555\" data-element_type=\"container\" data-e-type=\"container\" data-settings=\"{&quot;background_background&quot;:&quot;classic&quot;}\" href=\"https:\/\/chat.openai.com\/?q=Fais+un+r%C3%A9sum%C3%A9+structur%C3%A9+de+cet+article+https%3A%2F%2Fwww.lucca.fr%2Fmagazine%2Fadministration%2Fconges-et-absences%2Farret-maladie-avant-conges-payes+%3A+id%C3%A9es+principales%2C+points+cl%C3%A9s+%28bullets%29%2C+2-3+actions+concr%C3%A8tes.\" target=\"_blank\">\n\t\t\t\t<div class=\"elementor-element elementor-element-33a1b559 elementor-widget elementor-widget-image\" data-id=\"33a1b559\" data-element_type=\"widget\" data-e-type=\"widget\" data-widget_type=\"image.default\">\n\t\t\t\t<div class=\"elementor-widget-container\">\n\t\t\t\t\t\t\t\t\t\t\t\t\t\t\t<img decoding=\"async\" src=\"https:\/\/www.lucca.fr\/magazine\/wp-content\/uploads\/2026\/04\/chatgpt.svg\" title=\"chatgpt\" alt=\"chatgpt\" loading=\"lazy\" \/>\t\t\t\t\t\t\t\t\t\t\t\t\t\t\t<\/div>\n\t\t\t\t<\/div>\n\t\t\t\t<div class=\"elementor-element elementor-element-6c4f6e1b elementor-widget elementor-widget-text-editor\" data-id=\"6c4f6e1b\" data-element_type=\"widget\" data-e-type=\"widget\" data-widget_type=\"text-editor.default\">\n\t\t\t\t<div class=\"elementor-widget-container\">\n\t\t\t\t\t\t\t\t\t<p>Chatgpt<\/p>\t\t\t\t\t\t\t\t<\/div>\n\t\t\t\t<\/div>\n\t\t\t\t<\/a>\n\t\t<a class=\"elementor-element elementor-element-645aa706 e-con-full e-flex e-con e-child\" data-id=\"645aa706\" data-element_type=\"container\" data-e-type=\"container\" data-settings=\"{&quot;background_background&quot;:&quot;classic&quot;}\" href=\"https:\/\/gemini.google.com\/guided-learning?query=Fais+un+r%C3%A9sum%C3%A9+structur%C3%A9+de+cet+article+https%3A%2F%2Fwww.lucca.fr%2Fmagazine%2Fadministration%2Fconges-et-absences%2Farret-maladie-avant-conges-payes+%3A+id%C3%A9es+principales%2C+points+cl%C3%A9s+%28bullets%29%2C+2-3+actions+concr%C3%A8tes.\" target=\"_blank\">\n\t\t\t\t<div class=\"elementor-element elementor-element-45fd479f elementor-widget elementor-widget-image\" data-id=\"45fd479f\" data-element_type=\"widget\" data-e-type=\"widget\" data-widget_type=\"image.default\">\n\t\t\t\t<div class=\"elementor-widget-container\">\n\t\t\t\t\t\t\t\t\t\t\t\t\t\t\t<img decoding=\"async\" src=\"https:\/\/www.lucca.fr\/magazine\/wp-content\/uploads\/2026\/04\/ico-gemini.svg\" title=\"ico-gemini\" alt=\"ico-gemini\" loading=\"lazy\" \/>\t\t\t\t\t\t\t\t\t\t\t\t\t\t\t<\/div>\n\t\t\t\t<\/div>\n\t\t\t\t<div class=\"elementor-element elementor-element-74f5086b elementor-widget elementor-widget-text-editor\" data-id=\"74f5086b\" data-element_type=\"widget\" data-e-type=\"widget\" data-widget_type=\"text-editor.default\">\n\t\t\t\t<div class=\"elementor-widget-container\">\n\t\t\t\t\t\t\t\t\t<p>Gemini<\/p>\t\t\t\t\t\t\t\t<\/div>\n\t\t\t\t<\/div>\n\t\t\t\t<\/a>\n\t\t<a class=\"elementor-element elementor-element-4404132f e-con-full e-flex e-con e-child\" data-id=\"4404132f\" data-element_type=\"container\" data-e-type=\"container\" data-settings=\"{&quot;background_background&quot;:&quot;classic&quot;}\" href=\"https:\/\/claude.ai\/new?q=Fais+un+r%C3%A9sum%C3%A9+structur%C3%A9+de+cet+article+https%3A%2F%2Fwww.lucca.fr%2Fmagazine%2Fadministration%2Fconges-et-absences%2Farret-maladie-avant-conges-payes+%3A+id%C3%A9es+principales%2C+points+cl%C3%A9s+%28bullets%29%2C+2-3+actions+concr%C3%A8tes.\" target=\"_blank\">\n\t\t\t\t<div class=\"elementor-element elementor-element-70bd5c09 elementor-widget elementor-widget-image\" data-id=\"70bd5c09\" data-element_type=\"widget\" data-e-type=\"widget\" data-widget_type=\"image.default\">\n\t\t\t\t<div class=\"elementor-widget-container\">\n\t\t\t\t\t\t\t\t\t\t\t\t\t\t\t<img decoding=\"async\" src=\"https:\/\/www.lucca.fr\/magazine\/wp-content\/uploads\/2026\/04\/claude.svg\" title=\"claude\" alt=\"claude\" loading=\"lazy\" \/>\t\t\t\t\t\t\t\t\t\t\t\t\t\t\t<\/div>\n\t\t\t\t<\/div>\n\t\t\t\t<div class=\"elementor-element elementor-element-7f1f90d2 elementor-widget elementor-widget-text-editor\" data-id=\"7f1f90d2\" data-element_type=\"widget\" data-e-type=\"widget\" data-widget_type=\"text-editor.default\">\n\t\t\t\t<div class=\"elementor-widget-container\">\n\t\t\t\t\t\t\t\t\t<p>Claude<\/p>\t\t\t\t\t\t\t\t<\/div>\n\t\t\t\t<\/div>\n\t\t\t\t<\/a>\n\t\t\t\t<\/div>\n\t\t\t\t<\/div>\n\t\t\t\t<section class=\"elementor-section elementor-top-section elementor-element elementor-element-95c7720 elementor-section-boxed elementor-section-height-default elementor-section-height-default\" data-id=\"95c7720\" data-element_type=\"section\" data-e-type=\"section\">\n\t\t\t\t\t\t<div class=\"elementor-container elementor-column-gap-default\">\n\t\t\t\t\t<div class=\"elementor-column elementor-col-100 elementor-top-column elementor-element elementor-element-acd80b6\" data-id=\"acd80b6\" data-element_type=\"column\" data-e-type=\"column\">\n\t\t\t<div class=\"elementor-widget-wrap elementor-element-populated\">\n\t\t\t\t\t\t<div class=\"elementor-element elementor-element-54d8c21 elementor-toc--minimized-on-tablet elementor-widget elementor-widget-table-of-contents\" data-id=\"54d8c21\" data-element_type=\"widget\" data-e-type=\"widget\" data-settings=\"{&quot;headings_by_tags&quot;:[&quot;h2&quot;,&quot;h3&quot;],&quot;exclude_headings_by_selector&quot;:[],&quot;no_headings_message&quot;:&quot;Aucun titre n\\u2019a \\u00e9t\\u00e9 trouv\\u00e9 sur cette page.&quot;,&quot;marker_view&quot;:&quot;numbers&quot;,&quot;minimize_box&quot;:&quot;yes&quot;,&quot;minimized_on&quot;:&quot;tablet&quot;,&quot;hierarchical_view&quot;:&quot;yes&quot;,&quot;min_height&quot;:{&quot;unit&quot;:&quot;px&quot;,&quot;size&quot;:&quot;&quot;,&quot;sizes&quot;:[]},&quot;min_height_tablet&quot;:{&quot;unit&quot;:&quot;px&quot;,&quot;size&quot;:&quot;&quot;,&quot;sizes&quot;:[]},&quot;min_height_mobile&quot;:{&quot;unit&quot;:&quot;px&quot;,&quot;size&quot;:&quot;&quot;,&quot;sizes&quot;:[]}}\" data-widget_type=\"table-of-contents.default\">\n\t\t\t\t<div class=\"elementor-widget-container\">\n\t\t\t\t\t\t\t\t\t<div class=\"elementor-toc__header\">\n\t\t\t\t\t\t<div class=\"elementor-toc__header-title\">\n\t\t\t\tSommaire de l'article\t\t\t<\/div>\n\t\t\t\t\t\t\t\t\t\t<div class=\"elementor-toc__toggle-button elementor-toc__toggle-button--expand\" role=\"button\" tabindex=\"0\" aria-controls=\"elementor-toc__54d8c21\" aria-expanded=\"true\" aria-label=\"Ouvrir la table des mati\u00e8res\"><svg aria-hidden=\"true\" class=\"e-font-icon-svg e-fas-chevron-down\" viewBox=\"0 0 448 512\" xmlns=\"http:\/\/www.w3.org\/2000\/svg\"><path d=\"M207.029 381.476L12.686 187.132c-9.373-9.373-9.373-24.569 0-33.941l22.667-22.667c9.357-9.357 24.522-9.375 33.901-.04L224 284.505l154.745-154.021c9.379-9.335 24.544-9.317 33.901.04l22.667 22.667c9.373 9.373 9.373 24.569 0 33.941L240.971 381.476c-9.373 9.372-24.569 9.372-33.942 0z\"><\/path><\/svg><\/div>\n\t\t\t\t<div class=\"elementor-toc__toggle-button elementor-toc__toggle-button--collapse\" role=\"button\" tabindex=\"0\" aria-controls=\"elementor-toc__54d8c21\" aria-expanded=\"true\" aria-label=\"Fermer la table des mati\u00e8res\"><svg aria-hidden=\"true\" class=\"e-font-icon-svg e-fas-chevron-up\" viewBox=\"0 0 448 512\" xmlns=\"http:\/\/www.w3.org\/2000\/svg\"><path d=\"M240.971 130.524l194.343 194.343c9.373 9.373 9.373 24.569 0 33.941l-22.667 22.667c-9.357 9.357-24.522 9.375-33.901.04L224 227.495 69.255 381.516c-9.379 9.335-24.544 9.317-33.901-.04l-22.667-22.667c-9.373-9.373-9.373-24.569 0-33.941L207.03 130.525c9.372-9.373 24.568-9.373 33.941-.001z\"><\/path><\/svg><\/div>\n\t\t\t\t\t<\/div>\n\t\t\t\t<div id=\"elementor-toc__54d8c21\" class=\"elementor-toc__body\">\n\t\t\t<div class=\"elementor-toc__spinner-container\">\n\t\t\t\t<svg class=\"elementor-toc__spinner eicon-animation-spin e-font-icon-svg e-eicon-loading\" aria-hidden=\"true\" viewBox=\"0 0 1000 1000\" xmlns=\"http:\/\/www.w3.org\/2000\/svg\"><path d=\"M500 975V858C696 858 858 696 858 500S696 142 500 142 142 304 142 500H25C25 237 238 25 500 25S975 237 975 500 763 975 500 975Z\"><\/path><\/svg>\t\t\t<\/div>\n\t\t<\/div>\n\t\t\t\t\t\t<\/div>\n\t\t\t\t<\/div>\n\t\t\t\t<div class=\"elementor-element elementor-element-0247dc5 elementor-widget elementor-widget-heading\" data-id=\"0247dc5\" data-element_type=\"widget\" data-e-type=\"widget\" data-widget_type=\"heading.default\">\n\t\t\t\t<div class=\"elementor-widget-container\">\n\t\t\t\t\t<h2 class=\"elementor-heading-title elementor-size-default\">Le salari\u00e9 se met en arr\u00eat maladie avant le d\u00e9but de ses cong\u00e9s planifi\u00e9s<\/h2>\t\t\t\t<\/div>\n\t\t\t\t<\/div>\n\t\t\t\t<div class=\"elementor-element elementor-element-461dba6 elementor-widget elementor-widget-text-editor\" data-id=\"461dba6\" data-element_type=\"widget\" data-e-type=\"widget\" data-widget_type=\"text-editor.default\">\n\t\t\t\t<div class=\"elementor-widget-container\">\n\t\t\t\t\t\t\t\t\t<p>Si le salari\u00e9 tombe malade juste avant son d\u00e9part en cong\u00e9s, l\u2019employeur ne peut pas lui imposer de poser ses cong\u00e9s pendant l\u2019arr\u00eat maladie. Les journ\u00e9es de cong\u00e9s sont report\u00e9es \u00e0 l\u2019issue de la date de reprise initialement pr\u00e9vue, dans certaines conditions.\u00a0<\/p><p>La p\u00e9riode de report peut\u00a0\u00eatre\u00a0limit\u00e9e par une convention collective ou accord de branche afin de faciliter l&rsquo;organisation du travail dans l&rsquo;entreprise et \u00e9viter un cumul illimit\u00e9 de cong\u00e9s. L&#8217;employeur ne peut refuser le report de ces cong\u00e9s, sous peine de sanctions administratives et financi\u00e8res.<\/p>\t\t\t\t\t\t\t\t<\/div>\n\t\t\t\t<\/div>\n\t\t\t\t<div class=\"elementor-element elementor-element-bda7ae1 elementor-widget elementor-widget-heading\" data-id=\"bda7ae1\" data-element_type=\"widget\" data-e-type=\"widget\" data-widget_type=\"heading.default\">\n\t\t\t\t<div class=\"elementor-widget-container\">\n\t\t\t\t\t<h2 class=\"elementor-heading-title elementor-size-default\">Le salari\u00e9 tombe malade pendant ses vacances<\/h2>\t\t\t\t<\/div>\n\t\t\t\t<\/div>\n\t\t\t\t<div class=\"elementor-element elementor-element-dd6e20f elementor-widget elementor-widget-text-editor\" data-id=\"dd6e20f\" data-element_type=\"widget\" data-e-type=\"widget\" data-widget_type=\"text-editor.default\">\n\t\t\t\t<div class=\"elementor-widget-container\">\n\t\t\t\t\t\t\t\t\t<p>Si un salari\u00e9 tombe malade alors qu\u2019il est en cong\u00e9, l\u2019arr\u00eat maladie ne change pas la nature du cong\u00e9. Cela reste un cong\u00e9 pay\u00e9 par l\u2019employeur. Le salari\u00e9 ne peut pas pr\u00e9tendre \u00e0 la transformation des journ\u00e9es d\u2019arr\u00eat maladie en journ\u00e9es de cong\u00e9 pay\u00e9.<\/p><p>Des dispositions plus favorables peuvent \u00eatre pr\u00e9vues par convention collective.<\/p>\t\t\t\t\t\t\t\t<\/div>\n\t\t\t\t<\/div>\n\t\t\t\t<div class=\"elementor-element elementor-element-8be46c1 elementor-widget elementor-widget-heading\" data-id=\"8be46c1\" data-element_type=\"widget\" data-e-type=\"widget\" data-widget_type=\"heading.default\">\n\t\t\t\t<div class=\"elementor-widget-container\">\n\t\t\t\t\t<h3 class=\"elementor-heading-title elementor-size-default\">Un possible cumul d'indemnit\u00e9 en cas de maladie pendant des cong\u00e9s<\/h3>\t\t\t\t<\/div>\n\t\t\t\t<\/div>\n\t\t\t\t<div class=\"elementor-element elementor-element-928bd8a elementor-widget elementor-widget-text-editor\" data-id=\"928bd8a\" data-element_type=\"widget\" data-e-type=\"widget\" data-widget_type=\"text-editor.default\">\n\t\t\t\t<div class=\"elementor-widget-container\">\n\t\t\t\t\t\t\t\t\t<p>L\u2019arr\u00eat maladie ouvre droit au versement des indemnit\u00e9s journali\u00e8res vers\u00e9es par la S\u00e9curit\u00e9 sociale. Elles se cumulent avec les indemnit\u00e9s de cong\u00e9s pay\u00e9s mais l\u2019employeur ne verse pas les indemnit\u00e9s compl\u00e9mentaires au titre du maintien de salaire.<\/p>\t\t\t\t\t\t\t\t<\/div>\n\t\t\t\t<\/div>\n\t\t\t\t<div class=\"elementor-element elementor-element-40456f0 elementor-widget elementor-widget-heading\" data-id=\"40456f0\" data-element_type=\"widget\" data-e-type=\"widget\" data-widget_type=\"heading.default\">\n\t\t\t\t<div class=\"elementor-widget-container\">\n\t\t\t\t\t<h3 class=\"elementor-heading-title elementor-size-default\">L\u2019Europe a une position diff\u00e9rente sur le report de cong\u00e9s en cas de maladie<\/h3>\t\t\t\t<\/div>\n\t\t\t\t<\/div>\n\t\t\t\t<div class=\"elementor-element elementor-element-c90f795 elementor-widget elementor-widget-text-editor\" data-id=\"c90f795\" data-element_type=\"widget\" data-e-type=\"widget\" data-widget_type=\"text-editor.default\">\n\t\t\t\t<div class=\"elementor-widget-container\">\n\t\t\t\t\t\t\t\t\t<p>La Cour de justice de l\u2019Union europ\u00e9enne (CJUE) a une position diff\u00e9rente. Elle pr\u00e9conise en cas de maladie le report des journ\u00e9es de cong\u00e9. La transposition dans le code du travail fran\u00e7ais n\u2019a pas encore eu lieu.<\/p>\t\t\t\t\t\t\t\t<\/div>\n\t\t\t\t<\/div>\n\t\t\t\t<div class=\"elementor-element elementor-element-5037869 elementor-widget elementor-widget-heading\" data-id=\"5037869\" data-element_type=\"widget\" data-e-type=\"widget\" data-widget_type=\"heading.default\">\n\t\t\t\t<div class=\"elementor-widget-container\">\n\t\t\t\t\t<h2 class=\"elementor-heading-title elementor-size-default\">Le salari\u00e9 part en cong\u00e9s \u00e0 la suite d'un arr\u00eat maladie<\/h2>\t\t\t\t<\/div>\n\t\t\t\t<\/div>\n\t\t\t\t<div class=\"elementor-element elementor-element-e86c0e5 elementor-widget elementor-widget-text-editor\" data-id=\"e86c0e5\" data-element_type=\"widget\" data-e-type=\"widget\" data-widget_type=\"text-editor.default\">\n\t\t\t\t<div class=\"elementor-widget-container\">\n\t\t\t\t\t\t\t\t\t<p>Un salari\u00e9 peut tout \u00e0 fait cumuler arr\u00eat de travail et cong\u00e9s pay\u00e9s. Il doit toutefois respecter les dates fix\u00e9es lors de la pose de ses cong\u00e9s.<\/p>\t\t\t\t\t\t\t\t<\/div>\n\t\t\t\t<\/div>\n\t\t\t\t\t<\/div>\n\t\t<\/div>\n\t\t\t\t\t<\/div>\n\t\t<\/section>\n\t\t<div class=\"elementor-element elementor-element-3f78c861 cta-img e-flex e-con-boxed e-con e-parent\" data-id=\"3f78c861\" data-element_type=\"container\" data-e-type=\"container\" data-settings=\"{&quot;background_background&quot;:&quot;classic&quot;}\">\n\t\t\t\t\t<div class=\"e-con-inner\">\n\t\t<div class=\"elementor-element elementor-element-53a927c4 e-flex e-con-boxed e-con e-child\" data-id=\"53a927c4\" data-element_type=\"container\" data-e-type=\"container\">\n\t\t\t\t\t<div class=\"e-con-inner\">\n\t\t\t\t<div class=\"elementor-element elementor-element-28aad0e7 elementor-widget elementor-widget-heading\" data-id=\"28aad0e7\" data-element_type=\"widget\" data-e-type=\"widget\" data-widget_type=\"heading.default\">\n\t\t\t\t<div class=\"elementor-widget-container\">\n\t\t\t\t\t<p class=\"elementor-heading-title elementor-size-default\">Guide des cong\u00e9s pay\u00e9s : droits, obligations, nouveaut\u00e9s r\u00e9glementaires...<\/p>\t\t\t\t<\/div>\n\t\t\t\t<\/div>\n\t\t\t\t<div class=\"elementor-element elementor-element-3fae2515 elementor-widget elementor-widget-text-editor\" data-id=\"3fae2515\" data-element_type=\"widget\" data-e-type=\"widget\" data-widget_type=\"text-editor.default\">\n\t\t\t\t<div class=\"elementor-widget-container\">\n\t\t\t\t\t\t\t\t\t<p>Tout ce que vous devez savoir pour g\u00e9rer les cong\u00e9s en toute conformit\u00e9.<\/p>\t\t\t\t\t\t\t\t<\/div>\n\t\t\t\t<\/div>\n\t\t\t\t<div class=\"elementor-element elementor-element-57f6b12d elementor-widget elementor-widget-button\" data-id=\"57f6b12d\" data-element_type=\"widget\" data-e-type=\"widget\" data-widget_type=\"button.default\">\n\t\t\t\t<div class=\"elementor-widget-container\">\n\t\t\t\t\t\t\t\t\t<div class=\"elementor-button-wrapper\">\n\t\t\t\t\t<a class=\"elementor-button elementor-button-link elementor-size-sm\" href=\"https:\/\/contact.luccasoftware.com\/fr\/lp-decouverte\/guide-conges-absences?utm_source=laboitepratique&#038;utm_medium=magazine&#038;utm_term=arretmaladieavantcongespayes&#038;utm_content=guidecongesweb\" target=\"_blank\" rel=\"nofollow\">\n\t\t\t\t\t\t<span class=\"elementor-button-content-wrapper\">\n\t\t\t\t\t\t\t\t\t<span class=\"elementor-button-text\">Acc\u00e9der au guide<\/span>\n\t\t\t\t\t<\/span>\n\t\t\t\t\t<\/a>\n\t\t\t\t<\/div>\n\t\t\t\t\t\t\t\t<\/div>\n\t\t\t\t<\/div>\n\t\t\t\t\t<\/div>\n\t\t\t\t<\/div>\n\t\t\t\t\t<\/div>\n\t\t\t\t<\/div>\n\t\t\t\t<\/div>\n\t\t","protected":false},"excerpt":{"rendered":"<p>Un arr\u00eat maladie peut avoir des cons\u00e9quences sur la prise de cong\u00e9s du salari\u00e9. Les r\u00e8gles \u00e0 appliquer varient selon que la maladie survient avant ou pendant la p\u00e9riode de cong\u00e9. Allez \u00e0 l&rsquo;essentiel Obtenez&#8230;<\/p>\n","protected":false},"author":41,"featured_media":31368,"comment_status":"closed","ping_status":"closed","sticky":false,"template":"","format":"standard","meta":{"inline_featured_image":false,"footnotes":""},"categories":[158],"tags":[],"post_folder":[],"class_list":["post-750","post","type-post","status-publish","format-standard","has-post-thumbnail","hentry","category-conges-et-absences"],"_links":{"self":[{"href":"https:\/\/www.lucca.fr\/magazine\/wp-json\/wp\/v2\/posts\/750","targetHints":{"allow":["GET"]}}],"collection":[{"href":"https:\/\/www.lucca.fr\/magazine\/wp-json\/wp\/v2\/posts"}],"about":[{"href":"https:\/\/www.lucca.fr\/magazine\/wp-json\/wp\/v2\/types\/post"}],"author":[{"embeddable":true,"href":"https:\/\/www.lucca.fr\/magazine\/wp-json\/wp\/v2\/users\/41"}],"replies":[{"embeddable":true,"href":"https:\/\/www.lucca.fr\/magazine\/wp-json\/wp\/v2\/comments?post=750"}],"version-history":[{"count":3,"href":"https:\/\/www.lucca.fr\/magazine\/wp-json\/wp\/v2\/posts\/750\/revisions"}],"predecessor-version":[{"id":42194,"href":"https:\/\/www.lucca.fr\/magazine\/wp-json\/wp\/v2\/posts\/750\/revisions\/42194"}],"wp:featuredmedia":[{"embeddable":true,"href":"https:\/\/www.lucca.fr\/magazine\/wp-json\/wp\/v2\/media\/31368"}],"wp:attachment":[{"href":"https:\/\/www.lucca.fr\/magazine\/wp-json\/wp\/v2\/media?parent=750"}],"wp:term":[{"taxonomy":"category","embeddable":true,"href":"https:\/\/www.lucca.fr\/magazine\/wp-json\/wp\/v2\/categories?post=750"},{"taxonomy":"post_tag","embeddable":true,"href":"https:\/\/www.lucca.fr\/magazine\/wp-json\/wp\/v2\/tags?post=750"},{"taxonomy":"post_folder","embeddable":true,"href":"https:\/\/www.lucca.fr\/magazine\/wp-json\/wp\/v2\/post_folder?post=750"}],"curies":[{"name":"wp","href":"https:\/\/api.w.org\/{rel}","templated":true}]}}