{"id":7539,"date":"2021-02-23T16:17:23","date_gmt":"2021-02-23T15:17:23","guid":{"rendered":"https:\/\/www.lucca.fr\/magazine\/?p=7539"},"modified":"2025-07-02T13:35:51","modified_gmt":"2025-07-02T12:35:51","slug":"jours-feries-locaux","status":"publish","type":"post","link":"https:\/\/www.lucca.fr\/magazine\/administration\/conges-et-absences\/jours-feries-locaux","title":{"rendered":"Cong\u00e9s suppl\u00e9mentaires : ces jours f\u00e9ri\u00e9s locaux qui vont vous faire quitter Paris"},"content":{"rendered":"\t\t<div data-elementor-type=\"wp-post\" data-elementor-id=\"7539\" class=\"elementor elementor-7539\" data-elementor-post-type=\"post\">\n\t\t\t\t\t\t<section class=\"elementor-section elementor-top-section elementor-element elementor-element-c5a5bde elementor-section-boxed elementor-section-height-default elementor-section-height-default\" data-id=\"c5a5bde\" data-element_type=\"section\" data-e-type=\"section\">\n\t\t\t\t\t\t<div class=\"elementor-container elementor-column-gap-default\">\n\t\t\t\t\t<div class=\"elementor-column elementor-col-100 elementor-top-column elementor-element elementor-element-271c509\" data-id=\"271c509\" data-element_type=\"column\" data-e-type=\"column\">\n\t\t\t<div class=\"elementor-widget-wrap elementor-element-populated\">\n\t\t\t\t\t\t<div class=\"elementor-element elementor-element-1b47f5f elementor-widget elementor-widget-text-editor\" data-id=\"1b47f5f\" data-element_type=\"widget\" data-e-type=\"widget\" data-widget_type=\"text-editor.default\">\n\t\t\t\t<div class=\"elementor-widget-container\">\n\t\t\t\t\t\t\t\t\t<p><span style=\"font-weight: 400\">Selon une \u00e9tude Cadremploi publi\u00e9e en ao\u00fbt 2020, 8 cadres sur 10 envisagent de quitter la capitale pour gagner en qualit\u00e9 de vie. En choisissant judicieusement son nouvel havre de paix, il est m\u00eame possible de\u00a0 gagner au passage quelques jours f\u00e9ri\u00e9s suppl\u00e9mentaires. Tour d\u2019horizon des meilleurs plans.<\/span><\/p>\t\t\t\t\t\t\t\t<\/div>\n\t\t\t\t<\/div>\n\t\t\t\t<div class=\"elementor-element elementor-element-cb42787 elementor-toc--minimized-on-tablet elementor-widget elementor-widget-table-of-contents\" data-id=\"cb42787\" data-element_type=\"widget\" data-e-type=\"widget\" data-settings=\"{&quot;headings_by_tags&quot;:[&quot;h2&quot;,&quot;h3&quot;],&quot;exclude_headings_by_selector&quot;:[],&quot;no_headings_message&quot;:&quot;Aucun titre n\\u2019a \\u00e9t\\u00e9 trouv\\u00e9 sur cette page.&quot;,&quot;marker_view&quot;:&quot;numbers&quot;,&quot;minimize_box&quot;:&quot;yes&quot;,&quot;minimized_on&quot;:&quot;tablet&quot;,&quot;hierarchical_view&quot;:&quot;yes&quot;,&quot;min_height&quot;:{&quot;unit&quot;:&quot;px&quot;,&quot;size&quot;:&quot;&quot;,&quot;sizes&quot;:[]},&quot;min_height_tablet&quot;:{&quot;unit&quot;:&quot;px&quot;,&quot;size&quot;:&quot;&quot;,&quot;sizes&quot;:[]},&quot;min_height_mobile&quot;:{&quot;unit&quot;:&quot;px&quot;,&quot;size&quot;:&quot;&quot;,&quot;sizes&quot;:[]}}\" data-widget_type=\"table-of-contents.default\">\n\t\t\t\t<div class=\"elementor-widget-container\">\n\t\t\t\t\t\t\t\t\t<div class=\"elementor-toc__header\">\n\t\t\t\t\t\t<div class=\"elementor-toc__header-title\">\n\t\t\t\tSommaire de l'article\t\t\t<\/div>\n\t\t\t\t\t\t\t\t\t\t<div class=\"elementor-toc__toggle-button elementor-toc__toggle-button--expand\" role=\"button\" tabindex=\"0\" aria-controls=\"elementor-toc__cb42787\" aria-expanded=\"true\" aria-label=\"Ouvrir la table des mati\u00e8res\"><svg aria-hidden=\"true\" class=\"e-font-icon-svg e-fas-chevron-down\" viewBox=\"0 0 448 512\" xmlns=\"http:\/\/www.w3.org\/2000\/svg\"><path d=\"M207.029 381.476L12.686 187.132c-9.373-9.373-9.373-24.569 0-33.941l22.667-22.667c9.357-9.357 24.522-9.375 33.901-.04L224 284.505l154.745-154.021c9.379-9.335 24.544-9.317 33.901.04l22.667 22.667c9.373 9.373 9.373 24.569 0 33.941L240.971 381.476c-9.373 9.372-24.569 9.372-33.942 0z\"><\/path><\/svg><\/div>\n\t\t\t\t<div class=\"elementor-toc__toggle-button elementor-toc__toggle-button--collapse\" role=\"button\" tabindex=\"0\" aria-controls=\"elementor-toc__cb42787\" aria-expanded=\"true\" aria-label=\"Fermer la table des mati\u00e8res\"><svg aria-hidden=\"true\" class=\"e-font-icon-svg e-fas-chevron-up\" viewBox=\"0 0 448 512\" xmlns=\"http:\/\/www.w3.org\/2000\/svg\"><path d=\"M240.971 130.524l194.343 194.343c9.373 9.373 9.373 24.569 0 33.941l-22.667 22.667c-9.357 9.357-24.522 9.375-33.901.04L224 227.495 69.255 381.516c-9.379 9.335-24.544 9.317-33.901-.04l-22.667-22.667c-9.373-9.373-9.373-24.569 0-33.941L207.03 130.525c9.372-9.373 24.568-9.373 33.941-.001z\"><\/path><\/svg><\/div>\n\t\t\t\t\t<\/div>\n\t\t\t\t<div id=\"elementor-toc__cb42787\" class=\"elementor-toc__body\">\n\t\t\t<div class=\"elementor-toc__spinner-container\">\n\t\t\t\t<svg class=\"elementor-toc__spinner eicon-animation-spin e-font-icon-svg e-eicon-loading\" aria-hidden=\"true\" viewBox=\"0 0 1000 1000\" xmlns=\"http:\/\/www.w3.org\/2000\/svg\"><path d=\"M500 975V858C696 858 858 696 858 500S696 142 500 142 142 304 142 500H25C25 237 238 25 500 25S975 237 975 500 763 975 500 975Z\"><\/path><\/svg>\t\t\t<\/div>\n\t\t<\/div>\n\t\t\t\t\t\t<\/div>\n\t\t\t\t<\/div>\n\t\t\t\t<div class=\"elementor-element elementor-element-594330c elementor-widget elementor-widget-heading\" data-id=\"594330c\" data-element_type=\"widget\" data-e-type=\"widget\" data-widget_type=\"heading.default\">\n\t\t\t\t<div class=\"elementor-widget-container\">\n\t\t\t\t\t<h2 class=\"elementor-heading-title elementor-size-default\">2 jours f\u00e9ri\u00e9s suppl\u00e9mentaires en Alsace-Moselle<\/h2>\t\t\t\t<\/div>\n\t\t\t\t<\/div>\n\t\t\t\t<div class=\"elementor-element elementor-element-cd276b1 elementor-widget elementor-widget-text-editor\" data-id=\"cd276b1\" data-element_type=\"widget\" data-e-type=\"widget\" data-widget_type=\"text-editor.default\">\n\t\t\t\t<div class=\"elementor-widget-container\">\n\t\t\t\t\t\t\t\t\t<p><span style=\"font-weight: 400\">Les salari\u00e9s d\u2019Alsace-Moselle b\u00e9n\u00e9ficient historiquement de deux jours f\u00e9ri\u00e9s suppl\u00e9mentaires : le Vendredi Saint et le 26 d\u00e9cembre.<\/span><\/p>\t\t\t\t\t\t\t\t<\/div>\n\t\t\t\t<\/div>\n\t\t\t\t<div class=\"elementor-element elementor-element-31094d4 elementor-widget elementor-widget-heading\" data-id=\"31094d4\" data-element_type=\"widget\" data-e-type=\"widget\" data-widget_type=\"heading.default\">\n\t\t\t\t<div class=\"elementor-widget-container\">\n\t\t\t\t\t<h3 class=\"elementor-heading-title elementor-size-default\">Le vendredi saint, un jour f\u00e9ri\u00e9 offert par Napol\u00e9on en 1801<\/h3>\t\t\t\t<\/div>\n\t\t\t\t<\/div>\n\t\t\t\t<div class=\"elementor-element elementor-element-2722b1b elementor-widget elementor-widget-text-editor\" data-id=\"2722b1b\" data-element_type=\"widget\" data-e-type=\"widget\" data-widget_type=\"text-editor.default\">\n\t\t\t\t<div class=\"elementor-widget-container\">\n\t\t\t\t\t\t\t\t\t<p><span style=\"font-weight: 400\">Accord\u00e9 par Napol\u00e9on Bonaparte lors du concordat de 1801, le Vendredi Saint est un jour f\u00e9ri\u00e9 pour les habitants des communes disposant d\u2019un temple protestant ou d\u2019une \u00e9glise mixte (ordonnance du 16 ao\u00fbt 1892).<\/span><\/p>\t\t\t\t\t\t\t\t<\/div>\n\t\t\t\t<\/div>\n\t\t\t\t<div class=\"elementor-element elementor-element-f342d43 elementor-widget elementor-widget-text-editor\" data-id=\"f342d43\" data-element_type=\"widget\" data-e-type=\"widget\" data-widget_type=\"text-editor.default\">\n\t\t\t\t<div class=\"elementor-widget-container\">\n\t\t\t\t\t\t\t\t\t<p><span style=\"font-weight: 400\">Dans la pratique, ce jour est consid\u00e9r\u00e9 f\u00e9ri\u00e9 dans l\u2019ensemble des communes des d\u00e9partements d\u2019Alsace et de Moselle, m\u00eame en l\u2019absence de ces lieux de culte. Depuis 1989, le pr\u00e9fet est habilit\u00e9 \u00e0 autoriser ou non l&rsquo;ouverture des commerces ce jour-l\u00e0.<\/span><\/p>\t\t\t\t\t\t\t\t<\/div>\n\t\t\t\t<\/div>\n\t\t\t\t<div class=\"elementor-element elementor-element-50376c8 elementor-widget elementor-widget-heading\" data-id=\"50376c8\" data-element_type=\"widget\" data-e-type=\"widget\" data-widget_type=\"heading.default\">\n\t\t\t\t<div class=\"elementor-widget-container\">\n\t\t\t\t\t<h3 class=\"elementor-heading-title elementor-size-default\">Le 26 d\u00e9cembre, un jour f\u00e9ri\u00e9 h\u00e9rit\u00e9 du droit allemand<\/h3>\t\t\t\t<\/div>\n\t\t\t\t<\/div>\n\t\t\t\t<div class=\"elementor-element elementor-element-3ce5509 elementor-widget elementor-widget-text-editor\" data-id=\"3ce5509\" data-element_type=\"widget\" data-e-type=\"widget\" data-widget_type=\"text-editor.default\">\n\t\t\t\t<div class=\"elementor-widget-container\">\n\t\t\t\t\t\t\t\t\t<p><span style=\"font-weight: 400\">En 1918, le Haut-Rhin, le Bas-Rhin et la Moselle redeviennent fran\u00e7ais. Ils refusent toutefois de perdre certains avantages offerts par l\u2019Etat allemand, dont ils b\u00e9n\u00e9ficient depuis 1892.\u00a0 En plus du vendredi saint, l\u2019Alsace-Moselle conserve donc un autre jour f\u00e9ri\u00e9 : le 26 d\u00e9cembre, jour de la Saint-Etienne.<\/span><\/p>\t\t\t\t\t\t\t\t<\/div>\n\t\t\t\t<\/div>\n\t\t\t\t<div class=\"elementor-element elementor-element-4956203 elementor-widget elementor-widget-text-editor\" data-id=\"4956203\" data-element_type=\"widget\" data-e-type=\"widget\" data-widget_type=\"text-editor.default\">\n\t\t\t\t<div class=\"elementor-widget-container\">\n\t\t\t\t\t\t\t\t\t<p><b>\u00c0 noter<\/b><span style=\"font-weight: 400\"> : Seul le 1er mai est un jour f\u00e9ri\u00e9 ch\u00f4m\u00e9 en France. L\u2019Alsace-Moselle est une exception. Tous les jours f\u00e9ri\u00e9s y sont des jours ch\u00f4m\u00e9s, \u00e0 l\u2019exception de certains secteurs qui ne peuvent interrompre leur activit\u00e9 (pompiers, h\u00f4pitaux, h\u00f4tellerie, restauration\u2026).<\/span><\/p>\t\t\t\t\t\t\t\t<\/div>\n\t\t\t\t<\/div>\n\t\t\t\t<div class=\"elementor-element elementor-element-4823124 elementor-widget elementor-widget-heading\" data-id=\"4823124\" data-element_type=\"widget\" data-e-type=\"widget\" data-widget_type=\"heading.default\">\n\t\t\t\t<div class=\"elementor-widget-container\">\n\t\t\t\t\t<h2 class=\"elementor-heading-title elementor-size-default\">De 4 \u00e0 6 jours de cong\u00e9s en plus dans les DOM TOM<\/h2>\t\t\t\t<\/div>\n\t\t\t\t<\/div>\n\t\t\t\t<div class=\"elementor-element elementor-element-e2a6df2 elementor-widget elementor-widget-text-editor\" data-id=\"e2a6df2\" data-element_type=\"widget\" data-e-type=\"widget\" data-widget_type=\"text-editor.default\">\n\t\t\t\t<div class=\"elementor-widget-container\">\n\t\t\t\t\t\t\t\t\t<p><span style=\"font-weight: 400\">Les DOM TOM b\u00e9n\u00e9ficient \u00e9galement de 4 \u00e0 6 jours f\u00e9ri\u00e9s suppl\u00e9mentaires selon les d\u00e9partements. Ces cong\u00e9s sont li\u00e9s \u00e0 des \u00e9v\u00e9nements historiques, des f\u00eates religieuses ou des traditions locales.<\/span><\/p>\t\t\t\t\t\t\t\t<\/div>\n\t\t\t\t<\/div>\n\t\t\t\t<div class=\"elementor-element elementor-element-64ca7b9 elementor-widget elementor-widget-heading\" data-id=\"64ca7b9\" data-element_type=\"widget\" data-e-type=\"widget\" data-widget_type=\"heading.default\">\n\t\t\t\t<div class=\"elementor-widget-container\">\n\t\t\t\t\t<h3 class=\"elementor-heading-title elementor-size-default\">Un jour pour c\u00e9l\u00e9brer l\u2019abolition de l\u2019esclavage <\/h3>\t\t\t\t<\/div>\n\t\t\t\t<\/div>\n\t\t\t\t<div class=\"elementor-element elementor-element-13c60b2 elementor-widget elementor-widget-text-editor\" data-id=\"13c60b2\" data-element_type=\"widget\" data-e-type=\"widget\" data-widget_type=\"text-editor.default\">\n\t\t\t\t<div class=\"elementor-widget-container\">\n\t\t\t\t\t\t\t\t\t<p><span style=\"font-weight: 400;\">La \u00abJourn\u00e9e nationale des m\u00e9moires de la traite, de l\u2019esclavage et de leur abolition\u00bb a \u00e9t\u00e9 fix\u00e9e au 10 mai par la loi Taubira de 2006. La France compte toutefois 7 autres dates de comm\u00e9moration de l\u2019abolition de l\u2019esclavage, chacune \u00e9tant f\u00e9ri\u00e9e dans son d\u00e9partement depuis la loi de 1983 :\u00a0<\/span><\/p><ul><li style=\"font-weight: 400;\"><span style=\"font-weight: 400;\">Guadeloupe : 27 mai ;<\/span><\/li><li style=\"font-weight: 400;\"><span style=\"font-weight: 400;\">Guyane : 10 juin ;<\/span><\/li><li style=\"font-weight: 400;\"><span style=\"font-weight: 400;\">Martinique : 22 mai ;<\/span><\/li><li style=\"font-weight: 400;\"><span style=\"font-weight: 400;\">Mayotte : 27 avril ;<\/span><\/li><li style=\"font-weight: 400;\"><span style=\"font-weight: 400;\">La R\u00e9union : 20 d\u00e9cembre ;<\/span><\/li><li style=\"font-weight: 400;\"><span style=\"font-weight: 400;\">Saint Barth\u00e9lemy : 9 octobre ;<\/span><\/li><li style=\"font-weight: 400;\"><span style=\"font-weight: 400;\">Saint Martin : 27 mai.<\/span><\/li><\/ul>\t\t\t\t\t\t\t\t<\/div>\n\t\t\t\t<\/div>\n\t\t\t\t<div class=\"elementor-element elementor-element-a63aa6f elementor-widget elementor-widget-text-editor\" data-id=\"a63aa6f\" data-element_type=\"widget\" data-e-type=\"widget\" data-widget_type=\"text-editor.default\">\n\t\t\t\t<div class=\"elementor-widget-container\">\n\t\t\t\t\t\t\t\t\t<p><span style=\"font-weight: 400\">Ces dates sont li\u00e9es \u00e0 des faits historiques locaux : le d\u00e9cret Schoelcher d\u2019abolition de l\u2019esclavage est sign\u00e9 \u00e0 Paris le 27 avril 1848 mais les colons tardent \u00e0 le faire appliquer. L\u2019information r\u00e9ussit tout de m\u00eame \u00e0 circuler parmi les esclaves, provoquant des r\u00e9voltes et obligeant les gourveneurs \u00e0 abolir l\u2019esclavage localement, sans attendre le d\u00e9cret officiel. Le 22 mai 1848 correspond par exemple au soul\u00e8vement des esclaves martiniquais.<\/span><\/p>\t\t\t\t\t\t\t\t<\/div>\n\t\t\t\t<\/div>\n\t\t\t\t<div class=\"elementor-element elementor-element-f280b84 elementor-widget elementor-widget-text-editor\" data-id=\"f280b84\" data-element_type=\"widget\" data-e-type=\"widget\" data-widget_type=\"text-editor.default\">\n\t\t\t\t<div class=\"elementor-widget-container\">\n\t\t\t\t\t\t\t\t\t<p><span style=\"font-weight: 400\">La Guadeloupe et la Martinique disposent aussi du 21 juillet, jour f\u00e9ri\u00e9 d\u00e9di\u00e9 \u00e0 Victor Sch\u0153lcher.<\/span><\/p>\t\t\t\t\t\t\t\t<\/div>\n\t\t\t\t<\/div>\n\t\t\t\t<div class=\"elementor-element elementor-element-673f482 elementor-widget elementor-widget-heading\" data-id=\"673f482\" data-element_type=\"widget\" data-e-type=\"widget\" data-widget_type=\"heading.default\">\n\t\t\t\t<div class=\"elementor-widget-container\">\n\t\t\t\t\t<h3 class=\"elementor-heading-title elementor-size-default\">Des jours f\u00e9ri\u00e9s pour profiter de festivit\u00e9s locales ou religieuses en Guadeloupe, Martinique et Guyane<\/h3>\t\t\t\t<\/div>\n\t\t\t\t<\/div>\n\t\t\t\t<div class=\"elementor-element elementor-element-3dd33bb elementor-widget elementor-widget-text-editor\" data-id=\"3dd33bb\" data-element_type=\"widget\" data-e-type=\"widget\" data-widget_type=\"text-editor.default\">\n\t\t\t\t<div class=\"elementor-widget-container\">\n\t\t\t\t\t\t\t\t\t<p><span style=\"font-weight: 400;\">Le carnaval est aujourd\u2019hui consid\u00e9r\u00e9 comme faisant partie du patrimoine culturel des DOM TOM. Il s\u2019accompagne de plusieurs jours de festivit\u00e9s et de jours f\u00e9ri\u00e9s dans les d\u00e9partements de la Guadeloupe, la Martinique et la Guyane :\u00a0<\/span><\/p><ul><li style=\"font-weight: 400;\"><span style=\"font-weight: 400;\">le lundi gras ;<\/span><\/li><li style=\"font-weight: 400;\"><span style=\"font-weight: 400;\">le mardi gras ;<\/span><\/li><li style=\"font-weight: 400;\"><span style=\"font-weight: 400;\">le mercredi des cendres.<\/span><\/li><\/ul>\t\t\t\t\t\t\t\t<\/div>\n\t\t\t\t<\/div>\n\t\t\t\t<div class=\"elementor-element elementor-element-2b5adfc elementor-widget elementor-widget-text-editor\" data-id=\"2b5adfc\" data-element_type=\"widget\" data-e-type=\"widget\" data-widget_type=\"text-editor.default\">\n\t\t\t\t<div class=\"elementor-widget-container\">\n\t\t\t\t\t\t\t\t\t<p><span style=\"font-weight: 400\">Des villes offrent aussi des jours f\u00e9ri\u00e9s \u00e0 l\u2019occasion de f\u00eates locales. C\u2019est le cas de la ville de Cayenne (Guyane) le jour de sa f\u00eate annuelle, le 15 octobre.<\/span><\/p>\t\t\t\t\t\t\t\t<\/div>\n\t\t\t\t<\/div>\n\t\t\t\t<div class=\"elementor-element elementor-element-f867119 elementor-widget elementor-widget-text-editor\" data-id=\"f867119\" data-element_type=\"widget\" data-e-type=\"widget\" data-widget_type=\"text-editor.default\">\n\t\t\t\t<div class=\"elementor-widget-container\">\n\t\t\t\t\t\t\t\t\t<p><span style=\"font-weight: 400\">Le vendredi saint, le jour des d\u00e9funts et la Mi-Car\u00eame sont \u00e9galement f\u00e9ri\u00e9s en Guadeloupe.<\/span><\/p>\t\t\t\t\t\t\t\t<\/div>\n\t\t\t\t<\/div>\n\t\t\t\t<div class=\"elementor-element elementor-element-3f37aed elementor-widget elementor-widget-heading\" data-id=\"3f37aed\" data-element_type=\"widget\" data-e-type=\"widget\" data-widget_type=\"heading.default\">\n\t\t\t\t<div class=\"elementor-widget-container\">\n\t\t\t\t\t<h2 class=\"elementor-heading-title elementor-size-default\">Ces f\u00eates corporatistes qui offrent des jours f\u00e9ri\u00e9s suppl\u00e9mentaires <\/h2>\t\t\t\t<\/div>\n\t\t\t\t<\/div>\n\t\t\t\t<div class=\"elementor-element elementor-element-3549da5 elementor-widget elementor-widget-text-editor\" data-id=\"3549da5\" data-element_type=\"widget\" data-e-type=\"widget\" data-widget_type=\"text-editor.default\">\n\t\t\t\t<div class=\"elementor-widget-container\">\n\t\t\t\t\t\t\t\t\t<p>En changeant de branche, on peut aussi b\u00e9n\u00e9ficier de jours f\u00e9ri\u00e9s suppl\u00e9mentaires. Le 1er d\u00e9cembre, jour de la Saint-Eloi, est par exemple f\u00e9ri\u00e9 pour les salari\u00e9s du secteur de la m\u00e9tallurgie dans les d\u00e9partements du Nord et du Pas-de-Calais.\u00a0<\/p>\t\t\t\t\t\t\t\t<\/div>\n\t\t\t\t<\/div>\n\t\t\t\t<div class=\"elementor-element elementor-element-56e7c2a elementor-widget elementor-widget-text-editor\" data-id=\"56e7c2a\" data-element_type=\"widget\" data-e-type=\"widget\" data-widget_type=\"text-editor.default\">\n\t\t\t\t<div class=\"elementor-widget-container\">\n\t\t\t\t\t\t\t\t\t<p>De m\u00eame, le 25 novembre, jour de la Sainte-Catherine, est f\u00e9ri\u00e9 dans le secteur de la couture. Le 4 d\u00e9cembre, jour de la Sainte-Barbe, est f\u00e9ri\u00e9 chez les mineurs.<\/p>\t\t\t\t\t\t\t\t<\/div>\n\t\t\t\t<\/div>\n\t\t\t\t<div class=\"elementor-element elementor-element-b041b7b elementor-widget elementor-widget-text-editor\" data-id=\"b041b7b\" data-element_type=\"widget\" data-e-type=\"widget\" data-widget_type=\"text-editor.default\">\n\t\t\t\t<div class=\"elementor-widget-container\">\n\t\t\t\t\t\t\t\t\t<p><span style=\"font-weight: 400;\">Que vous choisissiez ou non de quitter Paris, vous profitez quand m\u00eame des 11 jours f\u00e9ri\u00e9s pr\u00e9vus \u00e0 l\u2019article L. 3133-1 du Code du travail. Nous vous laissons le plaisir de d\u00e9couvrir si cette ann\u00e9e, ils tombent un samedi ou un lundi.&nbsp;<\/span><\/p>\n<ul>\n<li style=\"font-weight: 400;\"><span style=\"font-weight: 400;\">le 1er janvier ;<\/span><\/li>\n<li style=\"font-weight: 400;\"><span style=\"font-weight: 400;\">le lundi de P\u00e2ques ;<\/span><\/li>\n<li style=\"font-weight: 400;\"><span style=\"font-weight: 400;\">le 1er mai ;<\/span><\/li>\n<li style=\"font-weight: 400;\"><span style=\"font-weight: 400;\">le 8 mai ;<\/span><\/li>\n<li style=\"font-weight: 400;\"><span style=\"font-weight: 400;\">l\u2019Ascension ;<\/span><\/li>\n<li style=\"font-weight: 400;\"><span style=\"font-weight: 400;\">le lundi de Pentec\u00f4te ;<\/span><\/li>\n<li style=\"font-weight: 400;\"><span style=\"font-weight: 400;\">le 14 juillet ;<\/span><\/li>\n<li style=\"font-weight: 400;\"><span style=\"font-weight: 400;\">l\u2019Assomption ;<\/span><\/li>\n<li style=\"font-weight: 400;\"><span style=\"font-weight: 400;\">la Toussaint ;<\/span><\/li>\n<li style=\"font-weight: 400;\"><span style=\"font-weight: 400;\">le 11 novembre ;<\/span><\/li>\n<li style=\"font-weight: 400;\"><span style=\"font-weight: 400;\">le jour de No\u00ebl.<\/span><\/li>\n<\/ul>\t\t\t\t\t\t\t\t<\/div>\n\t\t\t\t<\/div>\n\t\t\t\t\t<\/div>\n\t\t<\/div>\n\t\t\t\t\t<\/div>\n\t\t<\/section>\n\t\t<div class=\"elementor-element elementor-element-61a5600c cta-img e-flex e-con-boxed e-con e-parent\" data-id=\"61a5600c\" data-element_type=\"container\" data-e-type=\"container\" data-settings=\"{&quot;background_background&quot;:&quot;classic&quot;}\">\n\t\t\t\t\t<div class=\"e-con-inner\">\n\t\t<div class=\"elementor-element elementor-element-34f424a1 e-flex e-con-boxed e-con e-child\" data-id=\"34f424a1\" data-element_type=\"container\" data-e-type=\"container\">\n\t\t\t\t\t<div class=\"e-con-inner\">\n\t\t\t\t<div class=\"elementor-element elementor-element-4d6c0999 elementor-widget elementor-widget-heading\" data-id=\"4d6c0999\" data-element_type=\"widget\" data-e-type=\"widget\" data-widget_type=\"heading.default\">\n\t\t\t\t<div class=\"elementor-widget-container\">\n\t\t\t\t\t<p class=\"elementor-heading-title elementor-size-default\">Ma\u00eetrisez la gestion des cong\u00e9s en 2025<\/p>\t\t\t\t<\/div>\n\t\t\t\t<\/div>\n\t\t\t\t<div class=\"elementor-element elementor-element-433f265e elementor-widget elementor-widget-text-editor\" data-id=\"433f265e\" data-element_type=\"widget\" data-e-type=\"widget\" data-widget_type=\"text-editor.default\">\n\t\t\t\t<div class=\"elementor-widget-container\">\n\t\t\t\t\t\t\t\t\t<p>Retrouvez dans notre guide d\u00e9di\u00e9, tout ce qu\u2019il faut savoir sur les cong\u00e9s :<\/p><ul><li>les \u00e9volutions l\u00e9gales 2025 et 21 types de cong\u00e9s pass\u00e9s au crible ;<\/li><li>des fiches pratiques pour des calculs simplifi\u00e9s ;<\/li><li>des conseils concrets pour traiter les refus, les reports et les d\u00e9parts.<\/li><\/ul>\t\t\t\t\t\t\t\t<\/div>\n\t\t\t\t<\/div>\n\t\t\t\t<div class=\"elementor-element elementor-element-3a19646c elementor-widget elementor-widget-button\" data-id=\"3a19646c\" data-element_type=\"widget\" data-e-type=\"widget\" data-widget_type=\"button.default\">\n\t\t\t\t<div class=\"elementor-widget-container\">\n\t\t\t\t\t\t\t\t\t<div class=\"elementor-button-wrapper\">\n\t\t\t\t\t<a class=\"elementor-button elementor-button-link elementor-size-sm\" href=\"https:\/\/contact.luccasoftware.com\/fr-asset-temps-et-activites\/guide-conges-payes?utm_source=laboitepratique&#038;utm_medium=magazine&#038;utm_term=jours-feries-locaux&#038;utm_content=guide-conges-payes\" target=\"_blank\" rel=\"nofollow\">\n\t\t\t\t\t\t<span class=\"elementor-button-content-wrapper\">\n\t\t\t\t\t\t\t\t\t<span class=\"elementor-button-text\">T\u00e9l\u00e9charger le guide<\/span>\n\t\t\t\t\t<\/span>\n\t\t\t\t\t<\/a>\n\t\t\t\t<\/div>\n\t\t\t\t\t\t\t\t<\/div>\n\t\t\t\t<\/div>\n\t\t\t\t\t<\/div>\n\t\t\t\t<\/div>\n\t\t\t\t\t<\/div>\n\t\t\t\t<\/div>\n\t\t\t\t<\/div>\n\t\t","protected":false},"excerpt":{"rendered":"<p>Selon une \u00e9tude Cadremploi publi\u00e9e en ao\u00fbt 2020, 8 cadres sur 10 envisagent de quitter la capitale pour gagner en qualit\u00e9 de vie. En choisissant judicieusement son nouvel havre de paix, il est m\u00eame possible&#8230;<\/p>\n","protected":false},"author":12,"featured_media":31915,"comment_status":"closed","ping_status":"closed","sticky":false,"template":"","format":"standard","meta":{"inline_featured_image":false,"footnotes":""},"categories":[158],"tags":[],"post_folder":[],"class_list":["post-7539","post","type-post","status-publish","format-standard","has-post-thumbnail","hentry","category-conges-et-absences"],"_links":{"self":[{"href":"https:\/\/www.lucca.fr\/magazine\/wp-json\/wp\/v2\/posts\/7539","targetHints":{"allow":["GET"]}}],"collection":[{"href":"https:\/\/www.lucca.fr\/magazine\/wp-json\/wp\/v2\/posts"}],"about":[{"href":"https:\/\/www.lucca.fr\/magazine\/wp-json\/wp\/v2\/types\/post"}],"author":[{"embeddable":true,"href":"https:\/\/www.lucca.fr\/magazine\/wp-json\/wp\/v2\/users\/12"}],"replies":[{"embeddable":true,"href":"https:\/\/www.lucca.fr\/magazine\/wp-json\/wp\/v2\/comments?post=7539"}],"version-history":[{"count":4,"href":"https:\/\/www.lucca.fr\/magazine\/wp-json\/wp\/v2\/posts\/7539\/revisions"}],"predecessor-version":[{"id":33582,"href":"https:\/\/www.lucca.fr\/magazine\/wp-json\/wp\/v2\/posts\/7539\/revisions\/33582"}],"wp:featuredmedia":[{"embeddable":true,"href":"https:\/\/www.lucca.fr\/magazine\/wp-json\/wp\/v2\/media\/31915"}],"wp:attachment":[{"href":"https:\/\/www.lucca.fr\/magazine\/wp-json\/wp\/v2\/media?parent=7539"}],"wp:term":[{"taxonomy":"category","embeddable":true,"href":"https:\/\/www.lucca.fr\/magazine\/wp-json\/wp\/v2\/categories?post=7539"},{"taxonomy":"post_tag","embeddable":true,"href":"https:\/\/www.lucca.fr\/magazine\/wp-json\/wp\/v2\/tags?post=7539"},{"taxonomy":"post_folder","embeddable":true,"href":"https:\/\/www.lucca.fr\/magazine\/wp-json\/wp\/v2\/post_folder?post=7539"}],"curies":[{"name":"wp","href":"https:\/\/api.w.org\/{rel}","templated":true}]}}